{"id":283276,"date":"2019-03-18T19:27:29","date_gmt":"2019-03-18T18:27:29","guid":{"rendered":"https:\/\/hashtag.al\/?p=283276"},"modified":"2019-03-18T19:27:29","modified_gmt":"2019-03-18T18:27:29","slug":"lenjani-i-thote-jo-kombetares-derisa-ne-stol-te-jete-panucci","status":"publish","type":"post","link":"https:\/\/www.hashtag.al\/index.php\/2019\/03\/18\/lenjani-i-thote-jo-kombetares-derisa-ne-stol-te-jete-panucci\/","title":{"rendered":"Lenjani i thot\u00eb \u201cJo\u201d komb\u00ebtares derisa n\u00eb stol t\u00eb jet\u00eb Panucci","gt_translate_keys":[{"key":"rendered","format":"text"}]},"content":{"rendered":"<p><img loading=\"lazy\" decoding=\"async\" class=\"aligncenter size-full wp-image-268605\" src=\"https:\/\/hashtag.al\/wp-content\/uploads\/2019\/01\/lenjani.jpg\" alt=\"\" width=\"1000\" height=\"667\" srcset=\"https:\/\/www.hashtag.al\/wp-content\/uploads\/2019\/01\/lenjani.jpg 1000w, https:\/\/www.hashtag.al\/wp-content\/uploads\/2019\/01\/lenjani-300x200.jpg 300w, https:\/\/www.hashtag.al\/wp-content\/uploads\/2019\/01\/lenjani-768x512.jpg 768w\" sizes=\"auto, (max-width: 1000px) 100vw, 1000px\" \/><\/p>\n<p><span style=\"color: #000000;\">Mbrojt\u00ebsi Ermir Lenjani nuk e ka pritur mir\u00eb mos-thirrjen nga trajneri Kristian Panucci p\u00ebr dy ndeshjet kund\u00ebr Turqis\u00eb dhe Andor\u00ebn p\u00ebr eliminatoret e \u2018Euro 2020\u2019.<\/span><\/p>\n<p><span style=\"color: #000000;\">N\u00eb nj\u00eb status n\u00eb \u2018Facebook\u2019, 29-vje\u00e7ari q\u00eb aktivizohet me Sionin n\u00eb kampionatin zviceran deklaron se nuk do t\u00eb vij m\u00eb n\u00eb skuad\u00ebr p\u00ebr sa koh\u00eb t\u00eb ekipi do drejtohet nga tekniku italian.<\/span><\/p>\n<p><span style=\"color: #000000;\">\u201c<em>Faleminderit, por \u2018jo\u2019. Me lot n\u00eb sy e them se nuk do t\u00eb grumbullohem m\u00eb me Komb\u00ebtaren sa t\u00eb jesh ti aty. Kam kontribuar shum\u00eb dhe meritoj respekt. Dashuria ime p\u00ebr Shqip\u00ebrin\u00eb \u00ebsht\u00eb m\u00eb e madhe se urrejtja jote p\u00ebr mua. Un\u00eb kam qen\u00eb, jam dhe gjithmon\u00eb do t\u00eb jem djal i Shqip\u00ebris\u00eb, nd\u00ebrsa ti je vet\u00ebm kalimtar<\/em>\u201d, sqaron lojtari qe ka luajtur 26 ndeshje me kuqezinjte dhe ka realizuar tre gola.<\/span><\/p>\n<p><img loading=\"lazy\" decoding=\"async\" class=\"aligncenter size-full wp-image-283277\" src=\"https:\/\/hashtag.al\/wp-content\/uploads\/2019\/03\/Lenjani.jpg\" alt=\"\" width=\"960\" height=\"643\" srcset=\"https:\/\/www.hashtag.al\/wp-content\/uploads\/2019\/03\/Lenjani.jpg 960w, https:\/\/www.hashtag.al\/wp-content\/uploads\/2019\/03\/Lenjani-300x201.jpg 300w, https:\/\/www.hashtag.al\/wp-content\/uploads\/2019\/03\/Lenjani-768x514.jpg 768w\" sizes=\"auto, (max-width: 960px) 100vw, 960px\" \/><\/p>\n<p><span style=\"color: #000000;\"><strong>Postimi i plote:<\/strong><\/span><\/p>\n<p><span style=\"color: #000000;\">Q\u00eb nga viti 2013 jam pjes\u00eb e Komb\u00ebtares shqiptare dhe ndihem krenar p\u00ebr k\u00ebt\u00eb gj\u00eb. Saher\u00eb jam ftuar e kam pranuar ftes\u00ebn me d\u00ebshir\u00ebn m\u00eb t\u00eb madhe pasi \u00e7do her\u00eb kur e kam veshur fanell\u00ebn kuq e zi e kam veshur me shum\u00eb dashuri. Kam qen\u00eb gati gjithmon\u00eb, kam sakrifikuar shum\u00eb, jam gjakosur, kam qar\u00eb e kam qeshur si futbollist i Shqip\u00ebris\u00eb. Kam pranuar edhe stolin, por jam respektuar gjithmon\u00eb.<\/span><\/p>\n<p><span style=\"color: #000000;\">Tani n\u00eb dy vitet e fundit jam duke kaluar n\u00ebp\u00ebr nj\u00eb form\u00eb shum\u00eb t\u00eb mir\u00eb, por po injorohem nga trajneri momental i Komb\u00ebtares. Nuk kam luajtur asnj\u00eb minut n\u00eb Lig\u00ebn e Kombeve, por nuk kam b\u00ebr\u00eb zhurm\u00eb dhe kam vazhduar t\u00eb punoj edhe m\u00eb fort. Kur l\u00ebndohen 4-5 lojtar\u00eb trajnerit i bie n\u00eb mend q\u00eb luan dikund Ermir Lenjani dhe m\u00eb d\u00ebrgon ftes\u00eb.<\/span><\/p>\n<p><span style=\"color: #000000;\">Faleminderit, por JO. Me lot n\u00eb sy e them se nuk do t\u00eb grumbullohem m\u00eb me Komb\u00ebtaren sa t\u00eb jesh ti aty. Kam kontribuar shum\u00eb dhe meritoj respekt. Dashuria ime p\u00ebr Shqip\u00ebrin\u00eb \u00ebsht\u00eb m\u00eb e madhe se urrejtja jote p\u00ebr mua. Un\u00eb kam qen\u00eb, jam dhe gjithmon\u00eb do t\u00eb jem djal i Shqip\u00ebris\u00eb, nd\u00ebrsa ti je vet\u00ebm kalimtar.<\/span><\/p>\n","protected":false,"gt_translate_keys":[{"key":"rendered","format":"html"}]},"excerpt":{"rendered":"<p>Mbrojt\u00ebsi Ermir Lenjani nuk e ka pritur mir\u00eb mos-thirrjen nga trajneri Kristian Panucci p\u00ebr dy ndeshjet kund\u00ebr Turqis\u00eb dhe Andor\u00ebn p\u00ebr eliminatoret e \u2018Euro 2020\u2019. N\u00eb nj\u00eb status n\u00eb \u2018Facebook\u2019, 29-vje\u00e7ari q\u00eb aktivizohet me Sionin n\u00eb kampionatin zviceran deklaron se nuk do t\u00eb vij m\u00eb n\u00eb skuad\u00ebr p\u00ebr sa koh\u00eb t\u00eb ekipi do drejtohet nga [&hellip;]<\/p>\n","protected":false,"gt_translate_keys":[{"key":"rendered","format":"html"}]},"author":32,"featured_media":283277,"comment_status":"open","ping_status":"open","sticky":false,"template":"","format":"standard","meta":{"footnotes":""},"categories":[134,13],"tags":[],"class_list":["post-283276","post","type-post","status-publish","format-standard","has-post-thumbnail","hentry","category-sport","category-te-fundit"],"gt_translate_keys":[{"key":"link","format":"url"}],"_links":{"self":[{"href":"https:\/\/www.hashtag.al\/index.php\/wp-json\/wp\/v2\/posts\/283276","targetHints":{"allow":["GET"]}}],"collection":[{"href":"https:\/\/www.hashtag.al\/index.php\/wp-json\/wp\/v2\/posts"}],"about":[{"href":"https:\/\/www.hashtag.al\/index.php\/wp-json\/wp\/v2\/types\/post"}],"author":[{"embeddable":true,"href":"https:\/\/www.hashtag.al\/index.php\/wp-json\/wp\/v2\/users\/32"}],"replies":[{"embeddable":true,"href":"https:\/\/www.hashtag.al\/index.php\/wp-json\/wp\/v2\/comments?post=283276"}],"version-history":[{"count":0,"href":"https:\/\/www.hashtag.al\/index.php\/wp-json\/wp\/v2\/posts\/283276\/revisions"}],"wp:featuredmedia":[{"embeddable":true,"href":"https:\/\/www.hashtag.al\/index.php\/wp-json\/wp\/v2\/media\/283277"}],"wp:attachment":[{"href":"https:\/\/www.hashtag.al\/index.php\/wp-json\/wp\/v2\/media?parent=283276"}],"wp:term":[{"taxonomy":"category","embeddable":true,"href":"https:\/\/www.hashtag.al\/index.php\/wp-json\/wp\/v2\/categories?post=283276"},{"taxonomy":"post_tag","embeddable":true,"href":"https:\/\/www.hashtag.al\/index.php\/wp-json\/wp\/v2\/tags?post=283276"}],"curies":[{"name":"wp","href":"https:\/\/api.w.org\/{rel}","templated":true}]}}