{"id":283274,"date":"2019-03-18T19:11:35","date_gmt":"2019-03-18T18:11:35","guid":{"rendered":"https:\/\/hashtag.al\/?p=283274"},"modified":"2019-03-18T19:11:35","modified_gmt":"2019-03-18T18:11:35","slug":"klp-mblidhet-neser-per-spak-dhe-prokurorin-e-pergjithshem","status":"publish","type":"post","link":"https:\/\/www.hashtag.al\/index.php\/2019\/03\/18\/klp-mblidhet-neser-per-spak-dhe-prokurorin-e-pergjithshem\/","title":{"rendered":"KLP mblidhet nes\u00ebr p\u00ebr SPAK dhe Prokurorin e P\u00ebrgjithsh\u00ebm","gt_translate_keys":[{"key":"rendered","format":"text"}]},"content":{"rendered":"<p><img loading=\"lazy\" decoding=\"async\" class=\"aligncenter size-full wp-image-276997\" src=\"https:\/\/hashtag.al\/wp-content\/uploads\/2019\/02\/KLP.jpg\" alt=\"\" width=\"900\" height=\"600\" srcset=\"https:\/\/www.hashtag.al\/wp-content\/uploads\/2019\/02\/KLP.jpg 900w, https:\/\/www.hashtag.al\/wp-content\/uploads\/2019\/02\/KLP-300x200.jpg 300w, https:\/\/www.hashtag.al\/wp-content\/uploads\/2019\/02\/KLP-768x512.jpg 768w\" sizes=\"auto, (max-width: 900px) 100vw, 900px\" \/><\/p>\n<p><span style=\"color: #000000;\">K\u00ebshilli i Lart\u00eb i Prokuroris\u00eb ka thirrur p\u00ebr dit\u00ebn e nes\u00ebrme nj\u00eb mbledhje e cila do t\u2019i hap\u00eb rrug\u00ebn p\u00ebrzgjedhjes s\u00eb Prokurorit t\u00eb P\u00ebrgjithsh\u00ebm dhe an\u00ebtar\u00ebve t\u00eb SPAK.<\/span><\/p>\n<p><span style=\"color: #000000;\">Sipas njoftimit, n\u00eb mbledhjen e nes\u00ebrme do t\u00eb miratohet rregullorja \u201c<em>Mbi kriteret dhe procedur\u00ebn p\u00ebr ngritjen n\u00eb detyr\u00eb t\u00eb prokuror\u00ebve pran\u00eb Prokuroris\u00eb s\u00eb Posa\u00e7me kund\u00ebr Korrupsionit dhe Krimit t\u00eb Organizuar<\/em>\u201d, si dhe Miratimi i Rregullores \u201c<em>Mbi kriteret dhe procedur\u00ebn p\u00ebr p\u00ebrzgjedhjen e kandidat\u00ebve p\u00ebr Prokuror t\u00eb P\u00ebrgjithsh\u00ebm\u201d.<\/em><\/span><\/p>\n<p><span style=\"color: #000000;\">Po gjat\u00eb k\u00ebsaj mbledhjeje, do t\u00eb shpallet hapja e procedur\u00ebs, p\u00ebr pozicionin e Prokurorit t\u00eb P\u00ebrgjithsh\u00ebm si dhe do t\u00eb miratohen magjistrat\u00ebt prokuror\u00eb udh\u00ebheq\u00ebs p\u00ebr praktik\u00ebn profesionale t\u00eb kandidat\u00ebve p\u00ebr magjistrat\u00eb t\u00eb Shkoll\u00ebs s\u00eb Magjistratur\u00ebs.<\/span><\/p>\n","protected":false,"gt_translate_keys":[{"key":"rendered","format":"html"}]},"excerpt":{"rendered":"<p>K\u00ebshilli i Lart\u00eb i Prokuroris\u00eb ka thirrur p\u00ebr dit\u00ebn e nes\u00ebrme nj\u00eb mbledhje e cila do t\u2019i hap\u00eb rrug\u00ebn p\u00ebrzgjedhjes s\u00eb Prokurorit t\u00eb P\u00ebrgjithsh\u00ebm dhe an\u00ebtar\u00ebve t\u00eb SPAK. Sipas njoftimit, n\u00eb mbledhjen e nes\u00ebrme do t\u00eb miratohet rregullorja \u201cMbi kriteret dhe procedur\u00ebn p\u00ebr ngritjen n\u00eb detyr\u00eb t\u00eb prokuror\u00ebve pran\u00eb Prokuroris\u00eb s\u00eb Posa\u00e7me kund\u00ebr Korrupsionit dhe [&hellip;]<\/p>\n","protected":false,"gt_translate_keys":[{"key":"rendered","format":"html"}]},"author":32,"featured_media":276997,"comment_status":"open","ping_status":"open","sticky":false,"template":"","format":"standard","meta":{"footnotes":""},"categories":[65,13],"tags":[],"class_list":["post-283274","post","type-post","status-publish","format-standard","has-post-thumbnail","hentry","category-lajme","category-te-fundit"],"gt_translate_keys":[{"key":"link","format":"url"}],"_links":{"self":[{"href":"https:\/\/www.hashtag.al\/index.php\/wp-json\/wp\/v2\/posts\/283274","targetHints":{"allow":["GET"]}}],"collection":[{"href":"https:\/\/www.hashtag.al\/index.php\/wp-json\/wp\/v2\/posts"}],"about":[{"href":"https:\/\/www.hashtag.al\/index.php\/wp-json\/wp\/v2\/types\/post"}],"author":[{"embeddable":true,"href":"https:\/\/www.hashtag.al\/index.php\/wp-json\/wp\/v2\/users\/32"}],"replies":[{"embeddable":true,"href":"https:\/\/www.hashtag.al\/index.php\/wp-json\/wp\/v2\/comments?post=283274"}],"version-history":[{"count":0,"href":"https:\/\/www.hashtag.al\/index.php\/wp-json\/wp\/v2\/posts\/283274\/revisions"}],"wp:featuredmedia":[{"embeddable":true,"href":"https:\/\/www.hashtag.al\/index.php\/wp-json\/wp\/v2\/media\/276997"}],"wp:attachment":[{"href":"https:\/\/www.hashtag.al\/index.php\/wp-json\/wp\/v2\/media?parent=283274"}],"wp:term":[{"taxonomy":"category","embeddable":true,"href":"https:\/\/www.hashtag.al\/index.php\/wp-json\/wp\/v2\/categories?post=283274"},{"taxonomy":"post_tag","embeddable":true,"href":"https:\/\/www.hashtag.al\/index.php\/wp-json\/wp\/v2\/tags?post=283274"}],"curies":[{"name":"wp","href":"https:\/\/api.w.org\/{rel}","templated":true}]}}