{"id":283166,"date":"2019-03-18T12:24:30","date_gmt":"2019-03-18T11:24:30","guid":{"rendered":"https:\/\/hashtag.al\/?p=283166"},"modified":"2019-03-18T12:25:20","modified_gmt":"2019-03-18T11:25:20","slug":"nje-person-hap-zjarr-brenda-tramvajit-ne-holande-disa-te-plagosur","status":"publish","type":"post","link":"https:\/\/www.hashtag.al\/index.php\/2019\/03\/18\/nje-person-hap-zjarr-brenda-tramvajit-ne-holande-disa-te-plagosur\/","title":{"rendered":"Nj\u00eb person hap zjarr brenda tramvajit n\u00eb Holand\u00eb, disa t\u00eb plagosur","gt_translate_keys":[{"key":"rendered","format":"text"}]},"content":{"rendered":"<p><img loading=\"lazy\" decoding=\"async\" class=\"aligncenter size-full wp-image-283159\" src=\"https:\/\/hashtag.al\/wp-content\/uploads\/2019\/03\/Utrecht.jpg2_.jpg\" alt=\"\" width=\"957\" height=\"584\" \/><\/p>\n<p><span style=\"color: #000000;\">T\u00eb sht\u00ebna me arm\u00eb zjarri n\u00eb nj\u00eb tramvaj n\u00eb nj\u00eb qytet holandez t\u00eb Utrehtit. Nj\u00eb person ka hapur zjarr duke l\u00ebn\u00eb disa persona t\u00eb plagosur, sipas policis\u00eb. <\/span><\/p>\n<p><span style=\"color: #000000;\">Sh\u00ebrbimet emergjente dhe ekipet kund\u00ebr terrorizmit kan\u00eb mb\u00ebrritur menj\u00ebher\u00eb n\u00eb vendin e ngjarjes.<\/span><\/p>\n<p><span style=\"color: #000000;\">Nj\u00eb shesh rreth nj\u00eb stacioni t\u00eb tramvajit jasht\u00eb qendr\u00ebs s\u00eb Utrehtit \u00ebsht\u00eb bllokuar pas t\u00eb sht\u00ebnave, njoftoi media lokale. Policia ka rrethuar zon\u00ebn dhe rrug\u00ebt ngjitur, por autori i dyshuar ka arritur t\u00eb shp\u00ebtoj\u00eb.<\/span><\/p>\n<p><span style=\"color: #000000;\">Ambulanca dhe sh\u00ebrbimet emergjente jan\u00eb gjithashtu t\u00eb pranishme edhe pse numri i t\u00eb l\u00ebnduarve ende nuk \u00ebsht\u00eb sqaruar.<\/span><\/p>\n<p><span style=\"color: #000000;\">Helikopter\u00ebt jan\u00eb d\u00ebrguar n\u00eb vendin e ngjarjes, tha policia e Utrehtit.\u00a0U-OV, nj\u00eb kompani transportuese lokale, tha se sh\u00ebrbimet e tramvajit u pezulluan n\u00eb t\u00eb gjith\u00eb qytetin.<\/span><\/p>\n<p><span style=\"color: #000000;\">Ende \u00ebsht\u00eb e paqart\u00eb n\u00ebse autori veproi i vet\u00ebm apo kishte bashk\u00ebpun\u00ebtor\u00eb.\u00a0<em>&#8220;Nj\u00eb burr\u00eb filloi t\u00eb q\u00ebllonte me eg\u00ebrsi&#8221;,<\/em> tha nj\u00eb d\u00ebshmitar okular p\u00ebr holandezen \u201cNU.nl\u201d. <\/span><\/p>\n<p><span style=\"color: #000000;\">Por faqja e internetit AD.nl p\u00ebrmendi nj\u00eb d\u00ebshmitar q\u00eb tha se kishte kat\u00ebr persona t\u00eb armatosur q\u00eb hap\u00ebn zjarr ndaj nj\u00eb gruaje pran\u00eb stacionit t\u00eb tramvajit.<\/span><\/p>\n<p><img loading=\"lazy\" decoding=\"async\" class=\"aligncenter size-full wp-image-283157\" src=\"https:\/\/hashtag.al\/wp-content\/uploads\/2019\/03\/Holande-2.jpg\" alt=\"\" width=\"951\" height=\"633\" \/><\/p>\n","protected":false,"gt_translate_keys":[{"key":"rendered","format":"html"}]},"excerpt":{"rendered":"<p>T\u00eb sht\u00ebna me arm\u00eb zjarri n\u00eb nj\u00eb tramvaj n\u00eb nj\u00eb qytet holandez t\u00eb Utrehtit. Nj\u00eb person ka hapur zjarr duke l\u00ebn\u00eb disa persona t\u00eb plagosur, sipas policis\u00eb. Sh\u00ebrbimet emergjente dhe ekipet kund\u00ebr terrorizmit kan\u00eb mb\u00ebrritur menj\u00ebher\u00eb n\u00eb vendin e ngjarjes. Nj\u00eb shesh rreth nj\u00eb stacioni t\u00eb tramvajit jasht\u00eb qendr\u00ebs s\u00eb Utrehtit \u00ebsht\u00eb bllokuar pas t\u00eb [&hellip;]<\/p>\n","protected":false,"gt_translate_keys":[{"key":"rendered","format":"html"}]},"author":51,"featured_media":283167,"comment_status":"open","ping_status":"open","sticky":false,"template":"","format":"standard","meta":{"footnotes":""},"categories":[6],"tags":[],"class_list":["post-283166","post","type-post","status-publish","format-standard","has-post-thumbnail","hentry","category-nderkombetare"],"gt_translate_keys":[{"key":"link","format":"url"}],"_links":{"self":[{"href":"https:\/\/www.hashtag.al\/index.php\/wp-json\/wp\/v2\/posts\/283166","targetHints":{"allow":["GET"]}}],"collection":[{"href":"https:\/\/www.hashtag.al\/index.php\/wp-json\/wp\/v2\/posts"}],"about":[{"href":"https:\/\/www.hashtag.al\/index.php\/wp-json\/wp\/v2\/types\/post"}],"author":[{"embeddable":true,"href":"https:\/\/www.hashtag.al\/index.php\/wp-json\/wp\/v2\/users\/51"}],"replies":[{"embeddable":true,"href":"https:\/\/www.hashtag.al\/index.php\/wp-json\/wp\/v2\/comments?post=283166"}],"version-history":[{"count":0,"href":"https:\/\/www.hashtag.al\/index.php\/wp-json\/wp\/v2\/posts\/283166\/revisions"}],"wp:featuredmedia":[{"embeddable":true,"href":"https:\/\/www.hashtag.al\/index.php\/wp-json\/wp\/v2\/media\/283167"}],"wp:attachment":[{"href":"https:\/\/www.hashtag.al\/index.php\/wp-json\/wp\/v2\/media?parent=283166"}],"wp:term":[{"taxonomy":"category","embeddable":true,"href":"https:\/\/www.hashtag.al\/index.php\/wp-json\/wp\/v2\/categories?post=283166"},{"taxonomy":"post_tag","embeddable":true,"href":"https:\/\/www.hashtag.al\/index.php\/wp-json\/wp\/v2\/tags?post=283166"}],"curies":[{"name":"wp","href":"https:\/\/api.w.org\/{rel}","templated":true}]}}