{"id":282973,"date":"2019-03-17T13:39:51","date_gmt":"2019-03-17T12:39:51","guid":{"rendered":"https:\/\/hashtag.al\/?p=282973"},"modified":"2019-03-17T13:43:54","modified_gmt":"2019-03-17T12:43:54","slug":"vucic-u-drejtohet-serbeve-si-frikesohem-askujt-opozita-sdo-arrije-gje","status":"publish","type":"post","link":"https:\/\/www.hashtag.al\/index.php\/2019\/03\/17\/vucic-u-drejtohet-serbeve-si-frikesohem-askujt-opozita-sdo-arrije-gje\/","title":{"rendered":"Vu\u00e7i\u00e7 u drejtohet serb\u00ebve: S&#8217;i frik\u00ebsohem askujt, opozita s&#8217;do arrij\u00eb gj\u00eb","gt_translate_keys":[{"key":"rendered","format":"text"}]},"content":{"rendered":"<p><img loading=\"lazy\" decoding=\"async\" class=\"aligncenter size-full wp-image-282974\" src=\"https:\/\/hashtag.al\/wp-content\/uploads\/2019\/03\/vucic-2.jpg\" alt=\"\" width=\"900\" height=\"600\" srcset=\"https:\/\/www.hashtag.al\/wp-content\/uploads\/2019\/03\/vucic-2.jpg 900w, https:\/\/www.hashtag.al\/wp-content\/uploads\/2019\/03\/vucic-2-300x200.jpg 300w, https:\/\/www.hashtag.al\/wp-content\/uploads\/2019\/03\/vucic-2-768x512.jpg 768w\" sizes=\"auto, (max-width: 900px) 100vw, 900px\" \/><\/p>\n<p><span style=\"color: #000000;\">Presidenti i Serbis\u00eb, Vu\u00e7i\u00e7, ka folur sot para qytetar\u00ebve me nj\u00eb deklarat\u00eb publike n\u00eb televizionin shtet\u00ebror serb mjediset e t\u00eb cilit \u201cu pushtuan\u201d nga protestuesit mbr\u00ebmjen e djeshme.<\/span><\/p>\n<p><span style=\"color: #000000;\">Kreu i shtetit ka theksuar se opozita nuk do arrij\u00eb asnj\u00eb q\u00ebllim politik n\u00eb k\u00ebt\u00eb m\u00ebnyr\u00eb dhe se nuk i frik\u00ebsohej askujt.<\/span><\/p>\n<p><span style=\"color: #000000;\"><em>\u201cN\u00ebse t\u00eb tjer\u00ebt mendojn\u00eb se me dhun\u00eb mund t\u00eb arrijn\u00eb rezultate politike, mashtrohen\u201d,<\/em> ka th\u00ebn\u00eb Vu\u00e7i\u00e7, njofton RTS.<\/span><\/p>\n<p><span style=\"color: #000000;\">Ai ka shtuar se opozita dhe protestuesit kan\u00eb hasur n\u00eb nj\u00eb person q\u00eb nuk i frik\u00ebsohet askujt nd\u00ebrsa shtoi se ua thot\u00eb n\u00eb fytyr\u00eb se jan\u00eb hajdut\u00ebt m\u00eb t\u00eb k\u00ebqij.<\/span><\/p>\n<p><span style=\"color: #000000;\"><em>\u201cJan\u00eb ndeshur me dik\u00eb q\u00eb nuk i frik\u00ebsohet askujt. Nuk frik\u00ebsohem t\u2019ua them n\u00eb fytyr\u00eb se ata jan\u00eb hajdut\u00ebt m\u00eb t\u00eb k\u00ebqij.\u201d<\/em> &#8211; ka th\u00ebn\u00eb ai.<\/span><\/p>\n<p><span style=\"color: #000000;\">Ai ka deklaruar se p\u00ebr shkak t\u00eb stabilitetit n\u00eb vend ishte ruajtur q\u00eb t\u00eb mos fliste ndaj g\u00ebnjeshtrave t\u00eb krer\u00ebve t\u00eb opozit\u00ebs q\u00eb drejtojn\u00eb protestat ndaj tij prej shum\u00eb jav\u00ebsh tashm\u00eb.<\/span><\/p>\n<p><img loading=\"lazy\" decoding=\"async\" class=\"aligncenter size-full wp-image-282975\" src=\"https:\/\/hashtag.al\/wp-content\/uploads\/2019\/03\/vucic-3.jpg\" alt=\"\" width=\"2000\" height=\"1333\" srcset=\"https:\/\/www.hashtag.al\/wp-content\/uploads\/2019\/03\/vucic-3.jpg 2000w, https:\/\/www.hashtag.al\/wp-content\/uploads\/2019\/03\/vucic-3-300x200.jpg 300w, https:\/\/www.hashtag.al\/wp-content\/uploads\/2019\/03\/vucic-3-768x512.jpg 768w, https:\/\/www.hashtag.al\/wp-content\/uploads\/2019\/03\/vucic-3-1024x682.jpg 1024w\" sizes=\"auto, (max-width: 2000px) 100vw, 2000px\" \/><\/p>\n","protected":false,"gt_translate_keys":[{"key":"rendered","format":"html"}]},"excerpt":{"rendered":"<p>Presidenti i Serbis\u00eb, Vu\u00e7i\u00e7, ka folur sot para qytetar\u00ebve me nj\u00eb deklarat\u00eb publike n\u00eb televizionin shtet\u00ebror serb mjediset e t\u00eb cilit \u201cu pushtuan\u201d nga protestuesit mbr\u00ebmjen e djeshme. Kreu i shtetit ka theksuar se opozita nuk do arrij\u00eb asnj\u00eb q\u00ebllim politik n\u00eb k\u00ebt\u00eb m\u00ebnyr\u00eb dhe se nuk i frik\u00ebsohej askujt. \u201cN\u00ebse t\u00eb tjer\u00ebt mendojn\u00eb se [&hellip;]<\/p>\n","protected":false,"gt_translate_keys":[{"key":"rendered","format":"html"}]},"author":51,"featured_media":282976,"comment_status":"open","ping_status":"open","sticky":false,"template":"","format":"standard","meta":{"footnotes":""},"categories":[149,6],"tags":[],"class_list":["post-282973","post","type-post","status-publish","format-standard","has-post-thumbnail","hentry","category-kosoverajon","category-nderkombetare"],"gt_translate_keys":[{"key":"link","format":"url"}],"_links":{"self":[{"href":"https:\/\/www.hashtag.al\/index.php\/wp-json\/wp\/v2\/posts\/282973","targetHints":{"allow":["GET"]}}],"collection":[{"href":"https:\/\/www.hashtag.al\/index.php\/wp-json\/wp\/v2\/posts"}],"about":[{"href":"https:\/\/www.hashtag.al\/index.php\/wp-json\/wp\/v2\/types\/post"}],"author":[{"embeddable":true,"href":"https:\/\/www.hashtag.al\/index.php\/wp-json\/wp\/v2\/users\/51"}],"replies":[{"embeddable":true,"href":"https:\/\/www.hashtag.al\/index.php\/wp-json\/wp\/v2\/comments?post=282973"}],"version-history":[{"count":0,"href":"https:\/\/www.hashtag.al\/index.php\/wp-json\/wp\/v2\/posts\/282973\/revisions"}],"wp:featuredmedia":[{"embeddable":true,"href":"https:\/\/www.hashtag.al\/index.php\/wp-json\/wp\/v2\/media\/282976"}],"wp:attachment":[{"href":"https:\/\/www.hashtag.al\/index.php\/wp-json\/wp\/v2\/media?parent=282973"}],"wp:term":[{"taxonomy":"category","embeddable":true,"href":"https:\/\/www.hashtag.al\/index.php\/wp-json\/wp\/v2\/categories?post=282973"},{"taxonomy":"post_tag","embeddable":true,"href":"https:\/\/www.hashtag.al\/index.php\/wp-json\/wp\/v2\/tags?post=282973"}],"curies":[{"name":"wp","href":"https:\/\/api.w.org\/{rel}","templated":true}]}}