{"id":282968,"date":"2019-03-17T13:20:35","date_gmt":"2019-03-17T12:20:35","guid":{"rendered":"https:\/\/hashtag.al\/?p=282968"},"modified":"2019-03-17T14:11:00","modified_gmt":"2019-03-17T13:11:00","slug":"qellohet-me-boje-erion-veliaj","status":"publish","type":"post","link":"https:\/\/www.hashtag.al\/index.php\/2019\/03\/17\/qellohet-me-boje-erion-veliaj\/","title":{"rendered":"Q\u00ebllohet me boj\u00eb Erion Veliaj","gt_translate_keys":[{"key":"rendered","format":"text"}]},"content":{"rendered":"<div id=\"attachment_282969\" style=\"width: 711px\" class=\"wp-caption aligncenter\"><img loading=\"lazy\" decoding=\"async\" aria-describedby=\"caption-attachment-282969\" class=\"wp-image-282969 size-full\" src=\"https:\/\/hashtag.al\/wp-content\/uploads\/2019\/03\/Veliaj1.jpg\" alt=\"\" width=\"701\" height=\"500\" srcset=\"https:\/\/www.hashtag.al\/wp-content\/uploads\/2019\/03\/Veliaj1.jpg 701w, https:\/\/www.hashtag.al\/wp-content\/uploads\/2019\/03\/Veliaj1-300x214.jpg 300w\" sizes=\"auto, (max-width: 701px) 100vw, 701px\" \/><p id=\"caption-attachment-282969\" class=\"wp-caption-text\"><\/span> <span style=\"color: #000000;\">Foto ilustruese<\/span><\/p><\/div>\n<p><span style=\"color: #000000;\">T\u00eb rinjt\u00eb e Forumit Rinor t\u00eb Partis\u00eb Demokratike, kan\u00eb q\u00eblluar me boj\u00eb kryebashkiakun e Tiran\u00ebs, Veliaj.<\/span><\/p>\n<p><span style=\"color: #000000;\">Ky i fundit \u00ebsht\u00eb q\u00eblluar me boj\u00eb teksa po futej n\u00eb Bashki.\u00a02 t\u00eb rinj jan\u00eb shoq\u00ebruar nga policia lidhur me ngjarjen.<\/span><\/p>\n<p><span style=\"color: #000000;\">T\u00eb rinjt\u00eb kan\u00eb q\u00eblluar me boj\u00eb n\u00eb drejtim t\u00eb Veliajt, por nuk dihet ende n\u00ebse kan\u00eb goditur n\u00eb sh\u00ebnjest\u00ebr.<\/span><\/p>\n<p><span style=\"color: #000000;\">Veliaj \u00ebsht\u00eb q\u00eblluar me vez\u00eb e boj\u00eb edhe n\u00eb qershor t\u00eb vitit 2018 para se t\u00eb hynte n\u00eb nj\u00eb hotel n\u00eb Tiran\u00eb, brenda t\u00eb cilit po zhvillonte nj\u00eb takim me nj\u00eb grup artist\u00ebsh lidhur me projektin e qeveris\u00eb dhe bashkis\u00eb p\u00ebr t\u00eb prishur Teatrin Komb\u00ebtar dhe at\u00eb Eksperimental.<\/span><\/p>\n","protected":false,"gt_translate_keys":[{"key":"rendered","format":"html"}]},"excerpt":{"rendered":"<p>T\u00eb rinjt\u00eb e Forumit Rinor t\u00eb Partis\u00eb Demokratike, kan\u00eb q\u00eblluar me boj\u00eb kryebashkiakun e Tiran\u00ebs, Veliaj. Ky i fundit \u00ebsht\u00eb q\u00eblluar me boj\u00eb teksa po futej n\u00eb Bashki.\u00a02 t\u00eb rinj jan\u00eb shoq\u00ebruar nga policia lidhur me ngjarjen. T\u00eb rinjt\u00eb kan\u00eb q\u00eblluar me boj\u00eb n\u00eb drejtim t\u00eb Veliajt, por nuk dihet ende n\u00ebse kan\u00eb goditur n\u00eb [&hellip;]<\/p>\n","protected":false,"gt_translate_keys":[{"key":"rendered","format":"html"}]},"author":51,"featured_media":282969,"comment_status":"open","ping_status":"open","sticky":false,"template":"","format":"standard","meta":{"footnotes":""},"categories":[65,13],"tags":[],"class_list":["post-282968","post","type-post","status-publish","format-standard","has-post-thumbnail","hentry","category-lajme","category-te-fundit"],"gt_translate_keys":[{"key":"link","format":"url"}],"_links":{"self":[{"href":"https:\/\/www.hashtag.al\/index.php\/wp-json\/wp\/v2\/posts\/282968","targetHints":{"allow":["GET"]}}],"collection":[{"href":"https:\/\/www.hashtag.al\/index.php\/wp-json\/wp\/v2\/posts"}],"about":[{"href":"https:\/\/www.hashtag.al\/index.php\/wp-json\/wp\/v2\/types\/post"}],"author":[{"embeddable":true,"href":"https:\/\/www.hashtag.al\/index.php\/wp-json\/wp\/v2\/users\/51"}],"replies":[{"embeddable":true,"href":"https:\/\/www.hashtag.al\/index.php\/wp-json\/wp\/v2\/comments?post=282968"}],"version-history":[{"count":0,"href":"https:\/\/www.hashtag.al\/index.php\/wp-json\/wp\/v2\/posts\/282968\/revisions"}],"wp:featuredmedia":[{"embeddable":true,"href":"https:\/\/www.hashtag.al\/index.php\/wp-json\/wp\/v2\/media\/282969"}],"wp:attachment":[{"href":"https:\/\/www.hashtag.al\/index.php\/wp-json\/wp\/v2\/media?parent=282968"}],"wp:term":[{"taxonomy":"category","embeddable":true,"href":"https:\/\/www.hashtag.al\/index.php\/wp-json\/wp\/v2\/categories?post=282968"},{"taxonomy":"post_tag","embeddable":true,"href":"https:\/\/www.hashtag.al\/index.php\/wp-json\/wp\/v2\/tags?post=282968"}],"curies":[{"name":"wp","href":"https:\/\/api.w.org\/{rel}","templated":true}]}}