{"id":282848,"date":"2019-03-16T17:54:32","date_gmt":"2019-03-16T16:54:32","guid":{"rendered":"https:\/\/hashtag.al\/?p=282848"},"modified":"2019-03-16T17:54:32","modified_gmt":"2019-03-16T16:54:32","slug":"jelekverdhet-i-vene-flaken-parisit","status":"publish","type":"post","link":"https:\/\/www.hashtag.al\/index.php\/2019\/03\/16\/jelekverdhet-i-vene-flaken-parisit\/","title":{"rendered":"Jelekverdh\u00ebt i ven\u00eb flak\u00ebn Parisit","gt_translate_keys":[{"key":"rendered","format":"text"}]},"content":{"rendered":"<p><img loading=\"lazy\" decoding=\"async\" class=\"aligncenter size-full wp-image-282849\" src=\"https:\/\/hashtag.al\/wp-content\/uploads\/2019\/03\/parisi2.jpg\" alt=\"\" width=\"617\" height=\"334\" srcset=\"https:\/\/www.hashtag.al\/wp-content\/uploads\/2019\/03\/parisi2.jpg 617w, https:\/\/www.hashtag.al\/wp-content\/uploads\/2019\/03\/parisi2-300x162.jpg 300w\" sizes=\"auto, (max-width: 617px) 100vw, 617px\" \/><\/p>\n<p><span style=\"color: #000000;\">Jelek-verdh\u00ebt kan\u00eb rinisur protestat n\u00eb Franc\u00eb, q\u00eb i kishin filluar kat\u00ebr muaj m\u00eb her\u00ebt. Protestat filluan mbi rritjen e taksave t\u00eb karburantit, por q\u00eb at\u00ebher\u00eb revolta sa vjen dhe \u00ebsht\u00eb b\u00ebr\u00eb m\u00eb e fuqishme dhe protestat jan\u00eb drejtuar p\u00ebr nga ato q\u00eb konsiderohen \u201celita t\u00eb korruptuara\u201d n\u00eb Paris.<\/span><\/p>\n<p><span style=\"color: #000000;\">Policia p\u00ebrdori topa t\u00eb ujit dhe gaz lotsjell\u00ebs p\u00ebr t\u00eb shp\u00ebrndar\u00eb protestuesit, nd\u00ebrsa demonstruesit i kan\u00eb v\u00ebn\u00eb flak\u00ebn dyqaneve dhe bizneseve. N\u00eb Paris u rikthye dhuna q\u00eb karakterizoi ato q\u00eb ishin zhvilluar m\u00eb her\u00ebt. Restorantit t\u00eb njohur parizien \u201cFouquet\u2019s\u201d, i njohur p\u00ebr faktin se aty q\u00ebndrojn\u00eb njer\u00ebz elitar\u00eb, kryesisht politikan\u00eb t\u00eb njohur, iu vu flaka. N\u00eb rrug\u00eb jan\u00eb ndezur zjarre dhe s\u00eb paku nj\u00eb makin\u00eb u shkrumbua t\u00ebr\u00ebsisht, shkruan BBC.<\/span><\/p>\n<p><span style=\"color: #000000;\">\u00a0Flaka i \u00ebsht\u00eb vendosur edhe nj\u00eb banke, e cila ishte e vendosur n\u00eb katin p\u00ebrdhes\u00eb t\u00eb nj\u00eb nd\u00ebrtese banimi. Sh\u00ebrbimi i zjarrfik\u00ebsve evakuoi banor\u00ebt dhe shuajti flak\u00ebt. Nj\u00ebmb\u00ebdhjet\u00eb vet\u00eb, duke p\u00ebrfshir\u00eb dy zjarrfik\u00ebs, p\u00ebsuan l\u00ebndime t\u00eb lehta.<\/span><\/p>\n<p><span style=\"color: #000000;\">Ministri i Brendsh\u00ebm francez Christophe Castaner tha se n\u00eb dispozicion p\u00ebr rastin ishin 1400 polic\u00eb dhe se policia kishte arrestuar m\u00eb shum\u00eb se \u00a080 protestues nga mesi i pasdites. Z. Castaner tha se i kishte dh\u00ebn\u00eb policis\u00eb nj\u00eb urdh\u00ebr p\u00ebr t\u2019iu p\u00ebrgjigjur \u201csulmeve t\u00eb papranueshme me vendosm\u00ebri m\u00eb t\u00eb madhe\u201d. Castaner tha se nuk ka dyshime se \u201cprotestuesit po mbjellin kaos n\u00eb Paris\u201d. Ministri shtoi se nga 8000 protestues q\u00eb kan\u00eb dal\u00eb n\u00eb rrug\u00eb, m\u00eb shum\u00eb se 1500 jan\u00eb ultra t\u00eb dhunsh\u00ebm.<\/span><\/p>\n<p><span style=\"color: #000000;\">N\u00eb janar, qeveria urdh\u00ebroi policin\u00eb p\u00ebr t\u00eb shtypur dhun\u00ebn n\u00eb protesta, duke shkaktuar ankesa p\u00ebr brutalitetin e policis\u00eb. Protestuesit jan\u00eb kund\u00ebr politikave ekonomike t\u00eb presidentit t\u00eb vendit Emanuel Makron. N\u00eb muajin janar, presidenti Makron tha se nj\u00eb buxhet prej 10 miliard\u00eb euro ishte dizajnuar q\u00eb t\u00eb shkoj\u00eb p\u00ebr paga m\u00eb t\u00eb larta p\u00ebr pun\u00ebtor\u00ebt, por as kjo mas\u00eb nuk ka ulur pak\u00ebnaq\u00ebsit\u00eb.<\/span><\/p>\n<p><img loading=\"lazy\" decoding=\"async\" class=\"aligncenter size-full wp-image-282850\" src=\"https:\/\/hashtag.al\/wp-content\/uploads\/2019\/03\/parisi1-600x338.jpg\" alt=\"\" width=\"600\" height=\"338\" srcset=\"https:\/\/www.hashtag.al\/wp-content\/uploads\/2019\/03\/parisi1-600x338.jpg 600w, https:\/\/www.hashtag.al\/wp-content\/uploads\/2019\/03\/parisi1-600x338-300x169.jpg 300w\" sizes=\"auto, (max-width: 600px) 100vw, 600px\" \/><\/p>\n","protected":false,"gt_translate_keys":[{"key":"rendered","format":"html"}]},"excerpt":{"rendered":"<p>Jelek-verdh\u00ebt kan\u00eb rinisur protestat n\u00eb Franc\u00eb, q\u00eb i kishin filluar kat\u00ebr muaj m\u00eb her\u00ebt. Protestat filluan mbi rritjen e taksave t\u00eb karburantit, por q\u00eb at\u00ebher\u00eb revolta sa vjen dhe \u00ebsht\u00eb b\u00ebr\u00eb m\u00eb e fuqishme dhe protestat jan\u00eb drejtuar p\u00ebr nga ato q\u00eb konsiderohen \u201celita t\u00eb korruptuara\u201d n\u00eb Paris. Policia p\u00ebrdori topa t\u00eb ujit dhe gaz [&hellip;]<\/p>\n","protected":false,"gt_translate_keys":[{"key":"rendered","format":"html"}]},"author":32,"featured_media":282850,"comment_status":"open","ping_status":"open","sticky":false,"template":"","format":"standard","meta":{"footnotes":""},"categories":[6,13],"tags":[],"class_list":["post-282848","post","type-post","status-publish","format-standard","has-post-thumbnail","hentry","category-nderkombetare","category-te-fundit"],"gt_translate_keys":[{"key":"link","format":"url"}],"_links":{"self":[{"href":"https:\/\/www.hashtag.al\/index.php\/wp-json\/wp\/v2\/posts\/282848","targetHints":{"allow":["GET"]}}],"collection":[{"href":"https:\/\/www.hashtag.al\/index.php\/wp-json\/wp\/v2\/posts"}],"about":[{"href":"https:\/\/www.hashtag.al\/index.php\/wp-json\/wp\/v2\/types\/post"}],"author":[{"embeddable":true,"href":"https:\/\/www.hashtag.al\/index.php\/wp-json\/wp\/v2\/users\/32"}],"replies":[{"embeddable":true,"href":"https:\/\/www.hashtag.al\/index.php\/wp-json\/wp\/v2\/comments?post=282848"}],"version-history":[{"count":0,"href":"https:\/\/www.hashtag.al\/index.php\/wp-json\/wp\/v2\/posts\/282848\/revisions"}],"wp:featuredmedia":[{"embeddable":true,"href":"https:\/\/www.hashtag.al\/index.php\/wp-json\/wp\/v2\/media\/282850"}],"wp:attachment":[{"href":"https:\/\/www.hashtag.al\/index.php\/wp-json\/wp\/v2\/media?parent=282848"}],"wp:term":[{"taxonomy":"category","embeddable":true,"href":"https:\/\/www.hashtag.al\/index.php\/wp-json\/wp\/v2\/categories?post=282848"},{"taxonomy":"post_tag","embeddable":true,"href":"https:\/\/www.hashtag.al\/index.php\/wp-json\/wp\/v2\/tags?post=282848"}],"curies":[{"name":"wp","href":"https:\/\/api.w.org\/{rel}","templated":true}]}}