{"id":282839,"date":"2019-03-16T17:15:48","date_gmt":"2019-03-16T16:15:48","guid":{"rendered":"https:\/\/hashtag.al\/?p=282839"},"modified":"2019-03-16T17:09:07","modified_gmt":"2019-03-16T16:09:07","slug":"lleshaj-reagon-pas-protestes-policia-ne-shenjester-keqardhje-per-opoziten","status":"publish","type":"post","link":"https:\/\/www.hashtag.al\/index.php\/2019\/03\/16\/lleshaj-reagon-pas-protestes-policia-ne-shenjester-keqardhje-per-opoziten\/","title":{"rendered":"Lleshaj reagon pas protest\u00ebs: Policia n\u00eb sh\u00ebnjest\u00ebr, keqardhje p\u00ebr opozit\u00ebn","gt_translate_keys":[{"key":"rendered","format":"text"}]},"content":{"rendered":"<p><img loading=\"lazy\" decoding=\"async\" class=\"aligncenter size-full wp-image-265798\" src=\"https:\/\/hashtag.al\/wp-content\/uploads\/2019\/01\/Sander-Lleshaj-e1547550878320.jpg\" alt=\"\" width=\"1024\" height=\"682\" srcset=\"https:\/\/www.hashtag.al\/wp-content\/uploads\/2019\/01\/Sander-Lleshaj-e1547550878320.jpg 1024w, https:\/\/www.hashtag.al\/wp-content\/uploads\/2019\/01\/Sander-Lleshaj-e1547550878320-300x200.jpg 300w, https:\/\/www.hashtag.al\/wp-content\/uploads\/2019\/01\/Sander-Lleshaj-e1547550878320-768x512.jpg 768w\" sizes=\"auto, (max-width: 1024px) 100vw, 1024px\" \/><\/p>\n<p><span style=\"color: #000000;\">Ministri i Brendsh\u00ebm, Sand\u00ebr Lleshaj reagon pas p\u00ebrfundimit t\u00eb protest\u00ebs s\u00eb opozit\u00ebs. P\u00ebrmes nj\u00eb postimi n\u00eb Twitter, Lleshaj shprehet se policia e shtetit u vu n\u00eb qend\u00ebr t\u00eb dhun\u00ebs \u00a0q\u00eb synonte Kuvendin e Shqip\u00ebris\u00eb.<\/span><\/p>\n<p><span style=\"color: #000000;\">Ministri Lleshaj nuk kursen edhe komentet p\u00ebr opozit\u00ebn, e cila organizoi protest\u00ebn sot, nd\u00ebrsa shprehet se ndjen keqardhje p\u00ebr degradimin e saj.<\/span><\/p>\n<p><span style=\"color: #000000;\">\u201cEdhe sot Policia e Shtetit u vu n\u00eb sh\u00ebnjest\u00ebr t\u00eb dhun\u00ebs s\u00eb verb\u00ebr q\u00eb m\u00ebsynte ndaj Kuvendit t\u00eb Shqip\u00ebris\u00eb. Keqardhje p\u00ebr degradimin e opozit\u00ebs parlamentare n\u00eb gjendje parapolitike dhe respekt p\u00ebr p\u00ebrgjegjshm\u00ebrin\u00eb e profesionalizimin e Policis\u00eb s\u00eb Shtetit\u201d, -shkruan Lleshaj n\u00eb Twitter.<\/span><\/p>\n","protected":false,"gt_translate_keys":[{"key":"rendered","format":"html"}]},"excerpt":{"rendered":"<p>Ministri i Brendsh\u00ebm, Sand\u00ebr Lleshaj reagon pas p\u00ebrfundimit t\u00eb protest\u00ebs s\u00eb opozit\u00ebs. P\u00ebrmes nj\u00eb postimi n\u00eb Twitter, Lleshaj shprehet se policia e shtetit u vu n\u00eb qend\u00ebr t\u00eb dhun\u00ebs \u00a0q\u00eb synonte Kuvendin e Shqip\u00ebris\u00eb. Ministri Lleshaj nuk kursen edhe komentet p\u00ebr opozit\u00ebn, e cila organizoi protest\u00ebn sot, nd\u00ebrsa shprehet se ndjen keqardhje p\u00ebr degradimin e [&hellip;]<\/p>\n","protected":false,"gt_translate_keys":[{"key":"rendered","format":"html"}]},"author":32,"featured_media":265798,"comment_status":"open","ping_status":"open","sticky":false,"template":"","format":"standard","meta":{"footnotes":""},"categories":[65,13],"tags":[],"class_list":["post-282839","post","type-post","status-publish","format-standard","has-post-thumbnail","hentry","category-lajme","category-te-fundit"],"gt_translate_keys":[{"key":"link","format":"url"}],"_links":{"self":[{"href":"https:\/\/www.hashtag.al\/index.php\/wp-json\/wp\/v2\/posts\/282839","targetHints":{"allow":["GET"]}}],"collection":[{"href":"https:\/\/www.hashtag.al\/index.php\/wp-json\/wp\/v2\/posts"}],"about":[{"href":"https:\/\/www.hashtag.al\/index.php\/wp-json\/wp\/v2\/types\/post"}],"author":[{"embeddable":true,"href":"https:\/\/www.hashtag.al\/index.php\/wp-json\/wp\/v2\/users\/32"}],"replies":[{"embeddable":true,"href":"https:\/\/www.hashtag.al\/index.php\/wp-json\/wp\/v2\/comments?post=282839"}],"version-history":[{"count":0,"href":"https:\/\/www.hashtag.al\/index.php\/wp-json\/wp\/v2\/posts\/282839\/revisions"}],"wp:featuredmedia":[{"embeddable":true,"href":"https:\/\/www.hashtag.al\/index.php\/wp-json\/wp\/v2\/media\/265798"}],"wp:attachment":[{"href":"https:\/\/www.hashtag.al\/index.php\/wp-json\/wp\/v2\/media?parent=282839"}],"wp:term":[{"taxonomy":"category","embeddable":true,"href":"https:\/\/www.hashtag.al\/index.php\/wp-json\/wp\/v2\/categories?post=282839"},{"taxonomy":"post_tag","embeddable":true,"href":"https:\/\/www.hashtag.al\/index.php\/wp-json\/wp\/v2\/tags?post=282839"}],"curies":[{"name":"wp","href":"https:\/\/api.w.org\/{rel}","templated":true}]}}