{"id":282809,"date":"2019-03-16T15:50:26","date_gmt":"2019-03-16T14:50:26","guid":{"rendered":"https:\/\/hashtag.al\/?p=282809"},"modified":"2019-03-16T15:53:42","modified_gmt":"2019-03-16T14:53:42","slug":"protesta-e-opozites-percillet-live-nga-mediat-nderkombetare-me-mijera-para-zyres-se-rames","status":"publish","type":"post","link":"https:\/\/www.hashtag.al\/index.php\/2019\/03\/16\/protesta-e-opozites-percillet-live-nga-mediat-nderkombetare-me-mijera-para-zyres-se-rames\/","title":{"rendered":"Protesta e opozit\u00ebs p\u00ebrcillet live nga mediat nd\u00ebrkomb\u00ebtare: &#8220;Me mij\u00ebra para zyr\u00ebs s\u00eb Ram\u00ebs&#8221;","gt_translate_keys":[{"key":"rendered","format":"text"}]},"content":{"rendered":"<p><img loading=\"lazy\" decoding=\"async\" class=\"aligncenter size-full wp-image-282815\" src=\"https:\/\/hashtag.al\/wp-content\/uploads\/2019\/03\/Albania_Protest_78577.jpg\" alt=\"\" width=\"1140\" height=\"641\" srcset=\"https:\/\/www.hashtag.al\/wp-content\/uploads\/2019\/03\/Albania_Protest_78577.jpg 1140w, https:\/\/www.hashtag.al\/wp-content\/uploads\/2019\/03\/Albania_Protest_78577-300x169.jpg 300w, https:\/\/www.hashtag.al\/wp-content\/uploads\/2019\/03\/Albania_Protest_78577-768x432.jpg 768w, https:\/\/www.hashtag.al\/wp-content\/uploads\/2019\/03\/Albania_Protest_78577-1024x576.jpg 1024w\" sizes=\"auto, (max-width: 1140px) 100vw, 1140px\" \/><\/p>\n<p><span style=\"color: #000000;\">Protesta e sotme e zhvilluar nga opozita \u00ebsht\u00eb ndjekur hap pas hapi jo vet\u00ebm nga mediat shqiptare por edhe nga ato nd\u00ebrkomb\u00ebtare. Madje \u201cZ\u00ebri i Amerik\u00ebs\u201d e ka raportuar at\u00eb live.<\/span><\/p>\n<p><span style=\"color: #000000;\">Media si ZDF, Euronews, Reuters, Washington Post, Deutche Welle, New York Times etj, kan\u00eb shkruar se si mij\u00ebra protestues jan\u00eb mbledhur sot p\u00ebrpara Kryeministris\u00eb p\u00ebr t\u00eb k\u00ebrkuar dor\u00ebheqjen e kryeministrit Edi Rama.<\/span><\/p>\n<p><span style=\"color: #000000;\"><em>\u00a0\u201cMij\u00ebra mb\u00ebshtet\u00ebs t\u00eb opozit\u00ebs s\u00eb qendr\u00ebs s\u00eb djatht\u00eb, t\u00eb udh\u00ebhequr nga Partia Demokratike, u mblodh\u00ebn t\u00eb shtun\u00ebn para zyr\u00ebs s\u00eb kryeministrit socialist Edi Rama p\u00ebr t\u00eb k\u00ebrkuar dor\u00ebheqjen e tij\u201d<\/em>-thuhet n\u00eb shkrimin e <span style=\"color: #0000ff;\"><a style=\"color: #0000ff;\" href=\"https:\/\/www.washingtonpost.com\/\">\u201cWashington Post&#8221;.<\/a><\/span><\/span><\/p>\n<p><span style=\"color: #000000;\">Protesta e cila fillimisht nisi n\u00eb m\u00ebnyr\u00eb \u00a0paq\u00ebsore, n\u00eb marshimin e tret\u00eb tek Parlamenti ka agravuar n\u00eb nj\u00eb p\u00ebrplasje mes protestuesve dhe policis\u00eb e cila p\u00ebrdori gaz lotsjell\u00ebs dhe autobot\u00ebt e ujit p\u00ebr t\u00eb shp\u00ebrndar\u00eb turm\u00ebn.<\/span><\/p>\n<p><span style=\"color: #000000;\"><span style=\"color: #0000ff;\"><a style=\"color: #0000ff;\" href=\"https:\/\/www.nytimes.com\/aponline\/2019\/03\/16\/world\/europe\/ap-eu-albania-protest.html\">NYT<\/a><\/span> shkruan se si opozita nuk kishte zgjidhje tjet\u00ebr p\u00ebrve\u00e7se t\u00eb ngrihej n\u00eb protesta, duke iu referuar fjal\u00ebve t\u00eb kruedemokratit Lulzim Basha.<\/span><\/p>\n<p><span style=\"color: #000000;\"><em>\u201cNe nuk kemi alternativ\u00eb tjet\u00ebr, p\u00ebrve\u00e7se t\u00eb protestojm\u00eb derisa t\u00eb sjellim demokracin\u00eb dhe zbatimin e ligjit\u201d<\/em>, citohet Basha.<\/span><\/p>\n<p><span style=\"color: #000000;\">Po ashtu n\u00eb mediat nd\u00ebrkomb\u00ebtare p\u00ebrmendet dhe mesazhi q\u00eb Basha u d\u00ebrgoi diplomat\u00ebve t\u00eb huaj. <em>\u201cFtesa ime p\u00ebr t\u00eb gjith\u00eb ata \u00ebsht\u00eb t\u00eb d\u00ebgjojn\u00eb m\u00eb pak autokratin e korruptuar Edi Rama. D\u00ebgjoni z\u00ebrin e popullit.\u201d<\/em><\/span><\/p>\n<p><img loading=\"lazy\" decoding=\"async\" class=\"aligncenter size-full wp-image-282810\" src=\"https:\/\/hashtag.al\/wp-content\/uploads\/2019\/03\/FOX.jpg\" alt=\"\" width=\"931\" height=\"818\" srcset=\"https:\/\/www.hashtag.al\/wp-content\/uploads\/2019\/03\/FOX.jpg 931w, https:\/\/www.hashtag.al\/wp-content\/uploads\/2019\/03\/FOX-300x264.jpg 300w, https:\/\/www.hashtag.al\/wp-content\/uploads\/2019\/03\/FOX-768x675.jpg 768w\" sizes=\"auto, (max-width: 931px) 100vw, 931px\" \/> <img loading=\"lazy\" decoding=\"async\" class=\"aligncenter size-full wp-image-282811\" src=\"https:\/\/hashtag.al\/wp-content\/uploads\/2019\/03\/voaa-1.jpg\" alt=\"\" width=\"469\" height=\"359\" srcset=\"https:\/\/www.hashtag.al\/wp-content\/uploads\/2019\/03\/voaa-1.jpg 469w, https:\/\/www.hashtag.al\/wp-content\/uploads\/2019\/03\/voaa-1-300x230.jpg 300w\" sizes=\"auto, (max-width: 469px) 100vw, 469px\" \/> <img loading=\"lazy\" decoding=\"async\" class=\"aligncenter size-full wp-image-282812\" src=\"https:\/\/hashtag.al\/wp-content\/uploads\/2019\/03\/DW.jpg\" alt=\"\" width=\"917\" height=\"578\" srcset=\"https:\/\/www.hashtag.al\/wp-content\/uploads\/2019\/03\/DW.jpg 917w, https:\/\/www.hashtag.al\/wp-content\/uploads\/2019\/03\/DW-300x189.jpg 300w, https:\/\/www.hashtag.al\/wp-content\/uploads\/2019\/03\/DW-768x484.jpg 768w\" sizes=\"auto, (max-width: 917px) 100vw, 917px\" \/> <img loading=\"lazy\" decoding=\"async\" class=\"aligncenter size-full wp-image-282813\" src=\"https:\/\/hashtag.al\/wp-content\/uploads\/2019\/03\/VOA.jpg\" alt=\"\" width=\"1040\" height=\"772\" srcset=\"https:\/\/www.hashtag.al\/wp-content\/uploads\/2019\/03\/VOA.jpg 1040w, https:\/\/www.hashtag.al\/wp-content\/uploads\/2019\/03\/VOA-300x223.jpg 300w, https:\/\/www.hashtag.al\/wp-content\/uploads\/2019\/03\/VOA-768x570.jpg 768w, https:\/\/www.hashtag.al\/wp-content\/uploads\/2019\/03\/VOA-1024x760.jpg 1024w\" sizes=\"auto, (max-width: 1040px) 100vw, 1040px\" \/> <img loading=\"lazy\" decoding=\"async\" class=\"aligncenter size-full wp-image-282814\" src=\"https:\/\/hashtag.al\/wp-content\/uploads\/2019\/03\/NEWYORK-TIMES.jpg\" alt=\"\" width=\"749\" height=\"855\" srcset=\"https:\/\/www.hashtag.al\/wp-content\/uploads\/2019\/03\/NEWYORK-TIMES.jpg 749w, https:\/\/www.hashtag.al\/wp-content\/uploads\/2019\/03\/NEWYORK-TIMES-263x300.jpg 263w\" sizes=\"auto, (max-width: 749px) 100vw, 749px\" \/><\/p>\n","protected":false,"gt_translate_keys":[{"key":"rendered","format":"html"}]},"excerpt":{"rendered":"<p>Protesta e sotme e zhvilluar nga opozita \u00ebsht\u00eb ndjekur hap pas hapi jo vet\u00ebm nga mediat shqiptare por edhe nga ato nd\u00ebrkomb\u00ebtare. Madje \u201cZ\u00ebri i Amerik\u00ebs\u201d e ka raportuar at\u00eb live. Media si ZDF, Euronews, Reuters, Washington Post, Deutche Welle, New York Times etj, kan\u00eb shkruar se si mij\u00ebra protestues jan\u00eb mbledhur sot p\u00ebrpara Kryeministris\u00eb [&hellip;]<\/p>\n","protected":false,"gt_translate_keys":[{"key":"rendered","format":"html"}]},"author":30,"featured_media":282810,"comment_status":"open","ping_status":"open","sticky":false,"template":"","format":"standard","meta":{"footnotes":""},"categories":[65,13],"tags":[],"class_list":["post-282809","post","type-post","status-publish","format-standard","has-post-thumbnail","hentry","category-lajme","category-te-fundit"],"gt_translate_keys":[{"key":"link","format":"url"}],"_links":{"self":[{"href":"https:\/\/www.hashtag.al\/index.php\/wp-json\/wp\/v2\/posts\/282809","targetHints":{"allow":["GET"]}}],"collection":[{"href":"https:\/\/www.hashtag.al\/index.php\/wp-json\/wp\/v2\/posts"}],"about":[{"href":"https:\/\/www.hashtag.al\/index.php\/wp-json\/wp\/v2\/types\/post"}],"author":[{"embeddable":true,"href":"https:\/\/www.hashtag.al\/index.php\/wp-json\/wp\/v2\/users\/30"}],"replies":[{"embeddable":true,"href":"https:\/\/www.hashtag.al\/index.php\/wp-json\/wp\/v2\/comments?post=282809"}],"version-history":[{"count":0,"href":"https:\/\/www.hashtag.al\/index.php\/wp-json\/wp\/v2\/posts\/282809\/revisions"}],"wp:featuredmedia":[{"embeddable":true,"href":"https:\/\/www.hashtag.al\/index.php\/wp-json\/wp\/v2\/media\/282810"}],"wp:attachment":[{"href":"https:\/\/www.hashtag.al\/index.php\/wp-json\/wp\/v2\/media?parent=282809"}],"wp:term":[{"taxonomy":"category","embeddable":true,"href":"https:\/\/www.hashtag.al\/index.php\/wp-json\/wp\/v2\/categories?post=282809"},{"taxonomy":"post_tag","embeddable":true,"href":"https:\/\/www.hashtag.al\/index.php\/wp-json\/wp\/v2\/tags?post=282809"}],"curies":[{"name":"wp","href":"https:\/\/api.w.org\/{rel}","templated":true}]}}