{"id":282692,"date":"2019-03-16T11:48:35","date_gmt":"2019-03-16T10:48:35","guid":{"rendered":"https:\/\/hashtag.al\/?p=282692"},"modified":"2019-03-16T12:45:46","modified_gmt":"2019-03-16T11:45:46","slug":"levizja-surprize-protestuesit-marshim-per-te-rrethuar-kryeministrine","status":"publish","type":"post","link":"https:\/\/www.hashtag.al\/index.php\/2019\/03\/16\/levizja-surprize-protestuesit-marshim-per-te-rrethuar-kryeministrine\/","title":{"rendered":"L\u00ebvizja surpriz\u00eb, protestuesit marshim p\u00ebr t\u00eb rrethuar Kryeministrin\u00eb","gt_translate_keys":[{"key":"rendered","format":"text"}]},"content":{"rendered":"<p><span style=\"color: #000000;\"><img loading=\"lazy\" decoding=\"async\" class=\"aligncenter size-full wp-image-282693\" src=\"https:\/\/hashtag.al\/wp-content\/uploads\/2019\/03\/marshim-e.jpg\" alt=\"\" width=\"776\" height=\"434\" srcset=\"https:\/\/www.hashtag.al\/wp-content\/uploads\/2019\/03\/marshim-e.jpg 776w, https:\/\/www.hashtag.al\/wp-content\/uploads\/2019\/03\/marshim-e-300x168.jpg 300w, https:\/\/www.hashtag.al\/wp-content\/uploads\/2019\/03\/marshim-e-768x430.jpg 768w\" sizes=\"auto, (max-width: 776px) 100vw, 776px\" \/><\/span><\/p>\n<p><span style=\"color: #000000;\">Protestuesit kan\u00eb nisur nj\u00eb marshim p\u00ebr t\u00eb rrethuar simbolikisht godin\u00ebn e Kryeministris\u00eb. Momentalisht protestuesit ndodhen mes Kryeministris\u00eb dhe Rognerit dhe do vazhdojn\u00eb rrug\u00ebtimin p\u00ebr t\u00eb b\u00ebr\u00eb nj\u00eb ecje n\u00eb qark rreth Kryeministris\u00eb.<\/span><\/p>\n<p><span style=\"color: #000000;\">Ky ishte nj\u00eb skenar surpriz\u00eb. Protestuesit u ftuan nga ish-deputeti Flamur Noka, p\u00ebr t\u00eb marshuar.<\/span><\/p>\n<p><span style=\"color: #000000;\"><em>\u201cT\u00eb tregojm\u00eb se dim\u00eb t\u00eb protestojm\u00eb. T\u00eb ju tregojm\u00eb se p\u00ebrfaq\u00ebsojm\u00eb vlerat tuaja, vlerat e qytetrimit. Ne do t\u00eb marshojm\u00eb, kjo protest do t\u00eb jet\u00eb marshim. P\u00ebrsh\u00ebndetje v\u00ebllez\u00ebr dhe motra. Qytetar\u00eb t\u00eb Tiran\u00ebs dhe t\u00eb mbar\u00eb Shqip\u00ebris\u00eb. Kjo \u00ebsht\u00eb protesta m\u00eb e madhe q\u00eb ka njohur ndonj\u00ebher\u00eb historia. <\/em><\/span><\/p>\n<p><span style=\"color: #000000;\"><em>Kjo \u00ebsht\u00eb shenj\u00eb e revolt\u00ebs m\u00eb t\u00eb madhe popullore ndaj nj\u00eb regjimi. Rama ik!! Rama ik, se nuk p\u00ebrballon revolt\u00ebn e popullit ndaj teje dhe band\u00ebs t\u00ebnde. <\/em><\/span><\/p>\n<p><span style=\"color: #000000;\"><em>Ne sot po b\u00ebjm\u00eb nj\u00eb muaj nga dita kur ju qytetar\u00ebt e Shqip\u00ebris\u00eb, populli shqiptar, vendosi t\u00eb shkruaj\u00eb historin\u00eb e vet. \u00cbsht\u00eb dita kur k\u00ebto zyra, ky kryebandit q\u00eb \u00ebsht\u00eb i strehuar aty mori nj\u00eb mesazh. Dhe mesazhi \u00e7do dit\u00eb e m\u00eb shum\u00eb kumbon \u201cRama ik, Rama ik\u201d. Rama ik, se ti nuk mundesh t\u00eb rrish m\u00eb n\u00eb at\u00eb karrige. <\/em><\/span><\/p>\n<p><span style=\"color: #000000;\"><em>Ti mund t\u00eb ik\u00ebsh kudo, por je i rrethuar, kudo q\u00eb t\u00eb shkosh, je i rrethuar nga revolta e popullit t\u00ebnd. Je i rrethuar nga p\u00ebrbuzja e qytetar\u00ebve t\u00eb tu, q\u00eb i ke shkelur, i ke dhunuar dhe i ke varf\u00ebruar. Rama ik! V\u00ebllez\u00ebr e motra, kjo protest\u00eb do t\u00eb jet\u00eb marshim. Na ndiqni! Do t\u00eb jet\u00eb marshim, sepse ne do t\u00eb tregojm\u00eb se dim\u00eb t\u00eb protestojm\u00eb, Rama ik, Rama ik! Na ndiqni! Na ndiqni n\u00eb k\u00ebt\u00eb marshim proteste, n\u00eb k\u00ebt\u00eb marshim revolte ndaj band\u00ebs dhe korrupsionit, ndaj kryebanditit. Rama ik! Rama ik! Rama ik! Populli ka folur! Rama ik! Nuk p\u00ebrfaq\u00ebson dot ti shqiptar\u00ebt m\u00eb. Rama ik! Rama ik! Rama ik! Na ndiqni, na ndiqni v\u00ebllez\u00ebr! Rama ik! Rama ik! Koha e fjal\u00ebve ka mbaruar. 16 shkurti ishte dita kur koha e fjal\u00ebve mori fund. \u00cbsht\u00eb koha e veprimit qytetar, Rama ik, Rama ik. Na ndiqni, e mor\u00ebt e vesh apo jo?! Marshim proteste! Do t\u00eb marshojm\u00eb, protest ndaj band\u00ebs. P\u00ebrpara!\u201d<\/em>, jan\u00eb fjal\u00ebt e Nok\u00ebs.<\/span><\/p>\n<p><span style=\"color: #000000;\">Menj\u00ebher\u00eb pas k\u00ebtyre fjal\u00ebve, protestuesit rr\u00ebzuan barrierat prej hekuri t\u00eb vendosura p\u00ebrpara Kryeministris\u00eb dhe nis\u00ebn marshimin simbolik.<strong> \/Hashtag.al<\/strong><\/span><\/p>\n<p><img loading=\"lazy\" decoding=\"async\" class=\"aligncenter size-full wp-image-282733\" src=\"https:\/\/hashtag.al\/wp-content\/uploads\/2019\/03\/noka2.jpg\" alt=\"\" width=\"960\" height=\"640\" srcset=\"https:\/\/www.hashtag.al\/wp-content\/uploads\/2019\/03\/noka2.jpg 960w, https:\/\/www.hashtag.al\/wp-content\/uploads\/2019\/03\/noka2-300x200.jpg 300w, https:\/\/www.hashtag.al\/wp-content\/uploads\/2019\/03\/noka2-768x512.jpg 768w\" sizes=\"auto, (max-width: 960px) 100vw, 960px\" \/> <img loading=\"lazy\" decoding=\"async\" class=\"aligncenter size-full wp-image-282735\" src=\"https:\/\/hashtag.al\/wp-content\/uploads\/2019\/03\/marshimi-1.jpg\" alt=\"\" width=\"960\" height=\"640\" srcset=\"https:\/\/www.hashtag.al\/wp-content\/uploads\/2019\/03\/marshimi-1.jpg 960w, https:\/\/www.hashtag.al\/wp-content\/uploads\/2019\/03\/marshimi-1-300x200.jpg 300w, https:\/\/www.hashtag.al\/wp-content\/uploads\/2019\/03\/marshimi-1-768x512.jpg 768w\" sizes=\"auto, (max-width: 960px) 100vw, 960px\" \/> <img loading=\"lazy\" decoding=\"async\" class=\"aligncenter size-full wp-image-282736\" src=\"https:\/\/hashtag.al\/wp-content\/uploads\/2019\/03\/Noka-1.jpg\" alt=\"\" width=\"960\" height=\"640\" srcset=\"https:\/\/www.hashtag.al\/wp-content\/uploads\/2019\/03\/Noka-1.jpg 960w, https:\/\/www.hashtag.al\/wp-content\/uploads\/2019\/03\/Noka-1-300x200.jpg 300w, https:\/\/www.hashtag.al\/wp-content\/uploads\/2019\/03\/Noka-1-768x512.jpg 768w\" sizes=\"auto, (max-width: 960px) 100vw, 960px\" \/><\/p>\n<p><span style=\"color: #000000;\"><img loading=\"lazy\" decoding=\"async\" class=\"aligncenter size-full wp-image-282698\" src=\"https:\/\/hashtag.al\/wp-content\/uploads\/2019\/03\/lulzim-basha-1.jpg\" alt=\"\" width=\"869\" height=\"484\" srcset=\"https:\/\/www.hashtag.al\/wp-content\/uploads\/2019\/03\/lulzim-basha-1.jpg 869w, https:\/\/www.hashtag.al\/wp-content\/uploads\/2019\/03\/lulzim-basha-1-300x167.jpg 300w, https:\/\/www.hashtag.al\/wp-content\/uploads\/2019\/03\/lulzim-basha-1-768x428.jpg 768w\" sizes=\"auto, (max-width: 869px) 100vw, 869px\" \/> <img loading=\"lazy\" decoding=\"async\" class=\"aligncenter wp-image-282699\" src=\"https:\/\/hashtag.al\/wp-content\/uploads\/2019\/03\/marshim-3.jpg\" alt=\"\" width=\"900\" height=\"327\" srcset=\"https:\/\/www.hashtag.al\/wp-content\/uploads\/2019\/03\/marshim-3.jpg 756w, https:\/\/www.hashtag.al\/wp-content\/uploads\/2019\/03\/marshim-3-300x109.jpg 300w\" sizes=\"auto, (max-width: 900px) 100vw, 900px\" \/> <img loading=\"lazy\" decoding=\"async\" class=\"aligncenter size-full wp-image-282700\" src=\"https:\/\/hashtag.al\/wp-content\/uploads\/2019\/03\/marshim-2.jpg\" alt=\"\" width=\"784\" height=\"439\" srcset=\"https:\/\/www.hashtag.al\/wp-content\/uploads\/2019\/03\/marshim-2.jpg 784w, https:\/\/www.hashtag.al\/wp-content\/uploads\/2019\/03\/marshim-2-300x168.jpg 300w, https:\/\/www.hashtag.al\/wp-content\/uploads\/2019\/03\/marshim-2-768x430.jpg 768w\" sizes=\"auto, (max-width: 784px) 100vw, 784px\" \/><\/span><\/p>\n","protected":false,"gt_translate_keys":[{"key":"rendered","format":"html"}]},"excerpt":{"rendered":"<p>Protestuesit kan\u00eb nisur nj\u00eb marshim p\u00ebr t\u00eb rrethuar simbolikisht godin\u00ebn e Kryeministris\u00eb. Momentalisht protestuesit ndodhen mes Kryeministris\u00eb dhe Rognerit dhe do vazhdojn\u00eb rrug\u00ebtimin p\u00ebr t\u00eb b\u00ebr\u00eb nj\u00eb ecje n\u00eb qark rreth Kryeministris\u00eb. Ky ishte nj\u00eb skenar surpriz\u00eb. Protestuesit u ftuan nga ish-deputeti Flamur Noka, p\u00ebr t\u00eb marshuar. \u201cT\u00eb tregojm\u00eb se dim\u00eb t\u00eb protestojm\u00eb. T\u00eb ju [&hellip;]<\/p>\n","protected":false,"gt_translate_keys":[{"key":"rendered","format":"html"}]},"author":30,"featured_media":282693,"comment_status":"open","ping_status":"open","sticky":false,"template":"","format":"standard","meta":{"footnotes":""},"categories":[22,65,13],"tags":[],"class_list":["post-282692","post","type-post","status-publish","format-standard","has-post-thumbnail","hentry","category-ballina","category-lajme","category-te-fundit"],"gt_translate_keys":[{"key":"link","format":"url"}],"_links":{"self":[{"href":"https:\/\/www.hashtag.al\/index.php\/wp-json\/wp\/v2\/posts\/282692","targetHints":{"allow":["GET"]}}],"collection":[{"href":"https:\/\/www.hashtag.al\/index.php\/wp-json\/wp\/v2\/posts"}],"about":[{"href":"https:\/\/www.hashtag.al\/index.php\/wp-json\/wp\/v2\/types\/post"}],"author":[{"embeddable":true,"href":"https:\/\/www.hashtag.al\/index.php\/wp-json\/wp\/v2\/users\/30"}],"replies":[{"embeddable":true,"href":"https:\/\/www.hashtag.al\/index.php\/wp-json\/wp\/v2\/comments?post=282692"}],"version-history":[{"count":0,"href":"https:\/\/www.hashtag.al\/index.php\/wp-json\/wp\/v2\/posts\/282692\/revisions"}],"wp:featuredmedia":[{"embeddable":true,"href":"https:\/\/www.hashtag.al\/index.php\/wp-json\/wp\/v2\/media\/282693"}],"wp:attachment":[{"href":"https:\/\/www.hashtag.al\/index.php\/wp-json\/wp\/v2\/media?parent=282692"}],"wp:term":[{"taxonomy":"category","embeddable":true,"href":"https:\/\/www.hashtag.al\/index.php\/wp-json\/wp\/v2\/categories?post=282692"},{"taxonomy":"post_tag","embeddable":true,"href":"https:\/\/www.hashtag.al\/index.php\/wp-json\/wp\/v2\/tags?post=282692"}],"curies":[{"name":"wp","href":"https:\/\/api.w.org\/{rel}","templated":true}]}}