{"id":282321,"date":"2019-03-17T07:29:02","date_gmt":"2019-03-17T06:29:02","guid":{"rendered":"https:\/\/hashtag.al\/?p=282321"},"modified":"2019-03-16T22:32:42","modified_gmt":"2019-03-16T21:32:42","slug":"16-vjecarja-kandidate-per-cmimin-nobel-nisma-e-ndermare-qe-i-dha-nominimin","status":"publish","type":"post","link":"https:\/\/www.hashtag.al\/index.php\/2019\/03\/17\/16-vjecarja-kandidate-per-cmimin-nobel-nisma-e-ndermare-qe-i-dha-nominimin\/","title":{"rendered":"16-vje\u00e7arja kandidate p\u00ebr \u00e7mimin Nobel, nisma e nd\u00ebrmar\u00eb q\u00eb i dha nominimin","gt_translate_keys":[{"key":"rendered","format":"text"}]},"content":{"rendered":"<p><img loading=\"lazy\" decoding=\"async\" class=\"aligncenter size-full wp-image-282322\" src=\"https:\/\/hashtag.al\/wp-content\/uploads\/2019\/03\/rts288jz-800x533.jpg\" alt=\"\" width=\"800\" height=\"533\" srcset=\"https:\/\/www.hashtag.al\/wp-content\/uploads\/2019\/03\/rts288jz-800x533.jpg 800w, https:\/\/www.hashtag.al\/wp-content\/uploads\/2019\/03\/rts288jz-800x533-300x200.jpg 300w, https:\/\/www.hashtag.al\/wp-content\/uploads\/2019\/03\/rts288jz-800x533-768x512.jpg 768w\" sizes=\"auto, (max-width: 800px) 100vw, 800px\" \/><\/p>\n<p><span style=\"color: #000000;\">Nj\u00eb 16-vje\u00e7are \u00ebsht\u00eb nominuar p\u00ebr \u00e7mimin Nobel p\u00ebr paqe, pasi ajo e vetme ka nisur nj\u00eb protest\u00eb q\u00eb n\u00eb muajin gusht p\u00ebr ndryshimet klimaterike.<\/span><\/p>\n<p><span style=\"color: #000000;\">Greta Thunberg e nisi protest\u00ebn e saj n\u00eb Suedi n\u00eb shkoll\u00ebn e saj duke shkruar nj\u00eb artikull t\u00eb goditur p\u00ebr ndryshimin klimatik n\u00eb bot\u00eb.<\/span><\/p>\n<p><span style=\"color: #000000;\">Thunberg frym\u00ebzoi shum\u00eb nx\u00ebn\u00ebs dhe student\u00eb t\u00eb bot\u00ebs q\u00eb t\u00eb protestojn\u00eb duke bojkotuar m\u00ebsimin \u00e7do t\u00eb premte.<\/span><\/p>\n<p><span style=\"color: #000000;\">16-vje\u00e7arja \u00ebsht\u00eb shprehur falenderuese p\u00ebr nominimin e saj n\u00eb profiling e saj n\u00eb Twitter.<\/span><\/p>\n<p><span style=\"color: #000000;\">\u2018Jam shum\u00eb e nderuar dhe mir\u00ebnjoh\u00ebse p\u00ebr k\u00ebt\u00eb kandidim. Nes\u00ebr ne do t\u00eb bojkotojm\u00eb m\u00ebsimin p\u00ebr t\u00eb ardhmen ton\u00eb. Dhe ne do t\u00eb vazhdojm\u00eb ta b\u00ebjm\u00eb k\u00ebt\u00eb derisa t\u00eb jet\u00eb nevoja\u2019, shkruan Greta.<\/span><\/p>\n","protected":false,"gt_translate_keys":[{"key":"rendered","format":"html"}]},"excerpt":{"rendered":"<p>Nj\u00eb 16-vje\u00e7are \u00ebsht\u00eb nominuar p\u00ebr \u00e7mimin Nobel p\u00ebr paqe, pasi ajo e vetme ka nisur nj\u00eb protest\u00eb q\u00eb n\u00eb muajin gusht p\u00ebr ndryshimet klimaterike. Greta Thunberg e nisi protest\u00ebn e saj n\u00eb Suedi n\u00eb shkoll\u00ebn e saj duke shkruar nj\u00eb artikull t\u00eb goditur p\u00ebr ndryshimin klimatik n\u00eb bot\u00eb. Thunberg frym\u00ebzoi shum\u00eb nx\u00ebn\u00ebs dhe student\u00eb t\u00eb [&hellip;]<\/p>\n","protected":false,"gt_translate_keys":[{"key":"rendered","format":"html"}]},"author":32,"featured_media":282322,"comment_status":"open","ping_status":"open","sticky":false,"template":"","format":"standard","meta":{"footnotes":""},"categories":[53,13],"tags":[],"class_list":["post-282321","post","type-post","status-publish","format-standard","has-post-thumbnail","hentry","category-fast-foodi","category-te-fundit"],"gt_translate_keys":[{"key":"link","format":"url"}],"_links":{"self":[{"href":"https:\/\/www.hashtag.al\/index.php\/wp-json\/wp\/v2\/posts\/282321","targetHints":{"allow":["GET"]}}],"collection":[{"href":"https:\/\/www.hashtag.al\/index.php\/wp-json\/wp\/v2\/posts"}],"about":[{"href":"https:\/\/www.hashtag.al\/index.php\/wp-json\/wp\/v2\/types\/post"}],"author":[{"embeddable":true,"href":"https:\/\/www.hashtag.al\/index.php\/wp-json\/wp\/v2\/users\/32"}],"replies":[{"embeddable":true,"href":"https:\/\/www.hashtag.al\/index.php\/wp-json\/wp\/v2\/comments?post=282321"}],"version-history":[{"count":0,"href":"https:\/\/www.hashtag.al\/index.php\/wp-json\/wp\/v2\/posts\/282321\/revisions"}],"wp:featuredmedia":[{"embeddable":true,"href":"https:\/\/www.hashtag.al\/index.php\/wp-json\/wp\/v2\/media\/282322"}],"wp:attachment":[{"href":"https:\/\/www.hashtag.al\/index.php\/wp-json\/wp\/v2\/media?parent=282321"}],"wp:term":[{"taxonomy":"category","embeddable":true,"href":"https:\/\/www.hashtag.al\/index.php\/wp-json\/wp\/v2\/categories?post=282321"},{"taxonomy":"post_tag","embeddable":true,"href":"https:\/\/www.hashtag.al\/index.php\/wp-json\/wp\/v2\/tags?post=282321"}],"curies":[{"name":"wp","href":"https:\/\/api.w.org\/{rel}","templated":true}]}}