{"id":282155,"date":"2019-03-14T10:01:13","date_gmt":"2019-03-14T09:01:13","guid":{"rendered":"https:\/\/hashtag.al\/?p=282155"},"modified":"2019-03-14T11:13:29","modified_gmt":"2019-03-14T10:13:29","slug":"dita-e-veres-rama-perballet-ne-elbasan-me-bashen-e-kryemadhin","status":"publish","type":"post","link":"https:\/\/www.hashtag.al\/index.php\/2019\/03\/14\/dita-e-veres-rama-perballet-ne-elbasan-me-bashen-e-kryemadhin\/","title":{"rendered":"&#8220;Dita e Ver\u00ebs&#8221;, Rama p\u00ebrballet n\u00eb Elbasan me Bash\u00ebn e Kryemadhin","gt_translate_keys":[{"key":"rendered","format":"text"}]},"content":{"rendered":"<p><span style=\"color: #000000;\"><img loading=\"lazy\" decoding=\"async\" class=\"aligncenter size-full wp-image-282174\" src=\"https:\/\/hashtag.al\/wp-content\/uploads\/2019\/03\/Kryemadhi-Basha-Rama.jpg\" alt=\"\" width=\"4003\" height=\"2191\" srcset=\"https:\/\/www.hashtag.al\/wp-content\/uploads\/2019\/03\/Kryemadhi-Basha-Rama.jpg 4003w, https:\/\/www.hashtag.al\/wp-content\/uploads\/2019\/03\/Kryemadhi-Basha-Rama-300x164.jpg 300w, https:\/\/www.hashtag.al\/wp-content\/uploads\/2019\/03\/Kryemadhi-Basha-Rama-768x420.jpg 768w, https:\/\/www.hashtag.al\/wp-content\/uploads\/2019\/03\/Kryemadhi-Basha-Rama-1024x560.jpg 1024w\" sizes=\"auto, (max-width: 4003px) 100vw, 4003px\" \/><\/span><\/p>\n<p><span style=\"color: #000000;\">Kryeministri, Edi Rama, mbr\u00ebmjen e kaluar ka mb\u00ebrritur n\u00eb Elbasan, p\u00ebr t\u00eb pritur Dit\u00ebn e Ver\u00ebs n\u00eb k\u00ebt\u00eb qytet. Rama mbledhur n\u00eb qytetin e Elbasanit kabinetin qeveritar, Kryesin\u00eb e Partis\u00eb dhe deputet\u00ebt socialist\u00eb p\u00ebr t\u00eb diskutuar mbi situat\u00ebn politike, zgjedhjet vendore t\u00eb 30 qershorit q\u00eb jan\u00eb n\u00eb prag dhe angazhimet e qeveris\u00eb.<\/span><\/p>\n<p><span style=\"color: #000000;\">Rama pritet t\u00eb marr\u00eb pjes\u00eb n\u00eb aktivitetet e organizuara nga bashkia, p\u00ebr fest\u00ebn e &#8220;Dit\u00ebs s\u00eb Ver\u00ebs&#8221;.<\/span><\/p>\n<p><span style=\"color: #000000;\">Por nga ana tjet\u00ebr, edhe kreu i PD-s\u00eb Lulzim Basha do t\u00eb jet\u00eb n\u00eb Elbasan, por jo p\u00ebr protest\u00eb. Ai do t\u00eb takoj\u00eb qytetar\u00ebt e Elbasanit p\u00ebr t\u00eb festuar me ta k\u00ebt\u00eb dit\u00eb si dhe p\u00ebr t&#8217;i ftuar n\u00eb protest\u00ebn e 16 marsit.<\/span><\/p>\n<p><span style=\"color: #000000;\">Dega e PD-s\u00eb n\u00eb Elbasan ka lajm\u00ebruar se nuk do t\u00eb ket\u00eb protesta n\u00eb k\u00ebto dy dit\u00eb p\u00ebr t\u00eb respektuar dhe festimet. Edhe kryetarja e LSI-s\u00eb Monika Kryemadhi, gjithashtu raportohet se sot do t\u00eb jet\u00eb n\u00eb Elbasan.<\/span><\/p>\n<p><span style=\"color: #000000;\">\u00a0\u00cbsht\u00eb interesante t\u00eb shohim se si do t\u00eb ndodh\u00eb kjo p\u00ebrballje sot.<\/span><\/p>\n","protected":false,"gt_translate_keys":[{"key":"rendered","format":"html"}]},"excerpt":{"rendered":"<p>Kryeministri, Edi Rama, mbr\u00ebmjen e kaluar ka mb\u00ebrritur n\u00eb Elbasan, p\u00ebr t\u00eb pritur Dit\u00ebn e Ver\u00ebs n\u00eb k\u00ebt\u00eb qytet. Rama mbledhur n\u00eb qytetin e Elbasanit kabinetin qeveritar, Kryesin\u00eb e Partis\u00eb dhe deputet\u00ebt socialist\u00eb p\u00ebr t\u00eb diskutuar mbi situat\u00ebn politike, zgjedhjet vendore t\u00eb 30 qershorit q\u00eb jan\u00eb n\u00eb prag dhe angazhimet e qeveris\u00eb. Rama pritet t\u00eb [&hellip;]<\/p>\n","protected":false,"gt_translate_keys":[{"key":"rendered","format":"html"}]},"author":30,"featured_media":282174,"comment_status":"open","ping_status":"open","sticky":false,"template":"","format":"standard","meta":{"footnotes":""},"categories":[65,13],"tags":[],"class_list":["post-282155","post","type-post","status-publish","format-standard","has-post-thumbnail","hentry","category-lajme","category-te-fundit"],"gt_translate_keys":[{"key":"link","format":"url"}],"_links":{"self":[{"href":"https:\/\/www.hashtag.al\/index.php\/wp-json\/wp\/v2\/posts\/282155","targetHints":{"allow":["GET"]}}],"collection":[{"href":"https:\/\/www.hashtag.al\/index.php\/wp-json\/wp\/v2\/posts"}],"about":[{"href":"https:\/\/www.hashtag.al\/index.php\/wp-json\/wp\/v2\/types\/post"}],"author":[{"embeddable":true,"href":"https:\/\/www.hashtag.al\/index.php\/wp-json\/wp\/v2\/users\/30"}],"replies":[{"embeddable":true,"href":"https:\/\/www.hashtag.al\/index.php\/wp-json\/wp\/v2\/comments?post=282155"}],"version-history":[{"count":0,"href":"https:\/\/www.hashtag.al\/index.php\/wp-json\/wp\/v2\/posts\/282155\/revisions"}],"wp:featuredmedia":[{"embeddable":true,"href":"https:\/\/www.hashtag.al\/index.php\/wp-json\/wp\/v2\/media\/282174"}],"wp:attachment":[{"href":"https:\/\/www.hashtag.al\/index.php\/wp-json\/wp\/v2\/media?parent=282155"}],"wp:term":[{"taxonomy":"category","embeddable":true,"href":"https:\/\/www.hashtag.al\/index.php\/wp-json\/wp\/v2\/categories?post=282155"},{"taxonomy":"post_tag","embeddable":true,"href":"https:\/\/www.hashtag.al\/index.php\/wp-json\/wp\/v2\/tags?post=282155"}],"curies":[{"name":"wp","href":"https:\/\/api.w.org\/{rel}","templated":true}]}}