{"id":282133,"date":"2019-03-14T09:02:44","date_gmt":"2019-03-14T08:02:44","guid":{"rendered":"https:\/\/hashtag.al\/?p=282133"},"modified":"2019-03-14T09:05:18","modified_gmt":"2019-03-14T08:05:18","slug":"veliaj-shtyu-diten-e-veres-si-do-te-jete-moti-sot","status":"publish","type":"post","link":"https:\/\/www.hashtag.al\/index.php\/2019\/03\/14\/veliaj-shtyu-diten-e-veres-si-do-te-jete-moti-sot\/","title":{"rendered":"Veliaj shtyu &#8220;Dit\u00ebn e Ver\u00ebs&#8221;, si do t\u00eb jet\u00eb moti sot","gt_translate_keys":[{"key":"rendered","format":"text"}]},"content":{"rendered":"<p><img loading=\"lazy\" decoding=\"async\" class=\"aligncenter size-full wp-image-169498\" src=\"https:\/\/hashtag.al\/wp-content\/uploads\/2018\/03\/Dita-e-Veres-ne-Tirane.jpg\" alt=\"\" width=\"960\" height=\"638\" \/><\/p>\n<p><span style=\"color: #000000;\">Kreu i Bashkis\u00eb s\u00eb Tiran\u00ebs Erion Veliaj, pak dit\u00eb m\u00eb par\u00eb shtyu festimet e Dit\u00ebs s\u00eb Ver\u00ebs pasi\u00a0 paralajm\u00ebroi qytetar\u00ebt se 14 marsi do t\u00eb ishte nj\u00eb dit\u00eb &#8220;me shi me gjyma.&#8221;<\/span><\/p>\n<p><span style=\"color: #000000;\"><em>&#8221; Hej! M\u00eb ndihmo 1min me nj\u00eb dilem\u00eb! T\u00eb gjitha parashikimet e motit e japin Dit\u00ebn e Ver\u00ebs dt.14 shi me gjyma! Kemi p\u00ebrgatitur 50 aktivitete p\u00ebr f\u00ebmij\u00eb e t\u00eb rritur! A mos ja vlen t\u00eb tregohemi t\u00eb zgjuar e t&#8217;i b\u00ebjm\u00eb festimet t\u00eb Diel\u00ebn dat\u00eb 17? (E enjtja pushim gjithsesi.)&#8221;<\/em>, shkruante Veliaj.<\/span><\/p>\n<p><span style=\"color: #000000;\">E n\u00eb t\u00eb v\u00ebrtet\u00eb dit\u00ebt e fundit n\u00eb disa pjes\u00eb t\u00eb vendit dit\u00ebt e fundit ka patur reshje d\u00ebbore dhe rritje temperaturash. Sipas metereolog\u00ebve, vran\u00ebsirat e dendura do t\u00eb jen\u00eb dominante sot deri n\u00eb or\u00ebt e pasdites n\u00eb t\u00eb gjith\u00eb vendin, por nuk do t\u00eb ket\u00eb shi me &#8220;gjyma&#8221; si\u00e7 parashikoi kryebashkiaku i Tiran\u00ebs.<\/span><\/p>\n<p><span style=\"color: #000000;\">Sipas MeteoAlb, temperaturat e ajrit do t\u00eb rriten leht\u00eb n\u00eb m\u00ebngjes por r\u00ebnie sjell\u00eb mesdita duke luhatur vlerat ditore nga -3 deri 15\u00b0C. Era do fryj\u00eb mesatare deri e fort\u00eb n\u00eb det, me shpejt\u00ebsi 40 km\/h nga drejtimi Jugper\u00ebndimor nd\u00ebrsa n\u00eb det krijohet dallg\u00ebzim 3-4 ball\u00eb.<\/span><\/p>\n<p><strong><span style=\"color: #000000;\">TEMPERATURAT<\/span><\/strong><\/p>\n<p><span style=\"color: #000000;\">Temperaturat minimale dhe maksimale t\u00eb ajrit pritet t\u00eb arrijn\u00eb:<\/span><\/p>\n<p><span style=\"color: #000000;\">n\u00eb bregdet: 6 \/ 11 \u00b0C<\/span><\/p>\n<p><span style=\"color: #000000;\">n\u00eb vendet e ul\u00ebta: 3 \/ 12 \u00b0C<\/span><\/p>\n<p><span style=\"color: #000000;\">n\u00eb vendet malore: -1 \/ 7 \u00b0C<\/span><\/p>\n<p><img loading=\"lazy\" decoding=\"async\" class=\"aligncenter size-full wp-image-282135\" src=\"https:\/\/hashtag.al\/wp-content\/uploads\/2019\/03\/moti.jpg\" alt=\"\" width=\"767\" height=\"235\" srcset=\"https:\/\/www.hashtag.al\/wp-content\/uploads\/2019\/03\/moti.jpg 767w, https:\/\/www.hashtag.al\/wp-content\/uploads\/2019\/03\/moti-300x92.jpg 300w\" sizes=\"auto, (max-width: 767px) 100vw, 767px\" \/><\/p>\n<p>&nbsp;<\/p>\n","protected":false,"gt_translate_keys":[{"key":"rendered","format":"html"}]},"excerpt":{"rendered":"<p>Kreu i Bashkis\u00eb s\u00eb Tiran\u00ebs Erion Veliaj, pak dit\u00eb m\u00eb par\u00eb shtyu festimet e Dit\u00ebs s\u00eb Ver\u00ebs pasi\u00a0 paralajm\u00ebroi qytetar\u00ebt se 14 marsi do t\u00eb ishte nj\u00eb dit\u00eb &#8220;me shi me gjyma.&#8221; &#8221; Hej! M\u00eb ndihmo 1min me nj\u00eb dilem\u00eb! T\u00eb gjitha parashikimet e motit e japin Dit\u00ebn e Ver\u00ebs dt.14 shi me gjyma! Kemi [&hellip;]<\/p>\n","protected":false,"gt_translate_keys":[{"key":"rendered","format":"html"}]},"author":30,"featured_media":169498,"comment_status":"open","ping_status":"open","sticky":false,"template":"","format":"standard","meta":{"footnotes":""},"categories":[65,13],"tags":[],"class_list":["post-282133","post","type-post","status-publish","format-standard","has-post-thumbnail","hentry","category-lajme","category-te-fundit"],"gt_translate_keys":[{"key":"link","format":"url"}],"_links":{"self":[{"href":"https:\/\/www.hashtag.al\/index.php\/wp-json\/wp\/v2\/posts\/282133","targetHints":{"allow":["GET"]}}],"collection":[{"href":"https:\/\/www.hashtag.al\/index.php\/wp-json\/wp\/v2\/posts"}],"about":[{"href":"https:\/\/www.hashtag.al\/index.php\/wp-json\/wp\/v2\/types\/post"}],"author":[{"embeddable":true,"href":"https:\/\/www.hashtag.al\/index.php\/wp-json\/wp\/v2\/users\/30"}],"replies":[{"embeddable":true,"href":"https:\/\/www.hashtag.al\/index.php\/wp-json\/wp\/v2\/comments?post=282133"}],"version-history":[{"count":0,"href":"https:\/\/www.hashtag.al\/index.php\/wp-json\/wp\/v2\/posts\/282133\/revisions"}],"wp:featuredmedia":[{"embeddable":true,"href":"https:\/\/www.hashtag.al\/index.php\/wp-json\/"}],"wp:attachment":[{"href":"https:\/\/www.hashtag.al\/index.php\/wp-json\/wp\/v2\/media?parent=282133"}],"wp:term":[{"taxonomy":"category","embeddable":true,"href":"https:\/\/www.hashtag.al\/index.php\/wp-json\/wp\/v2\/categories?post=282133"},{"taxonomy":"post_tag","embeddable":true,"href":"https:\/\/www.hashtag.al\/index.php\/wp-json\/wp\/v2\/tags?post=282133"}],"curies":[{"name":"wp","href":"https:\/\/api.w.org\/{rel}","templated":true}]}}