{"id":282120,"date":"2019-03-14T08:16:45","date_gmt":"2019-03-14T07:16:45","guid":{"rendered":"https:\/\/hashtag.al\/?p=282120"},"modified":"2019-03-14T08:20:55","modified_gmt":"2019-03-14T07:20:55","slug":"cia-mund-te-kete-dore-ne-sulmin-e-ambasades-se-korese-se-veriut-ne-spanje","status":"publish","type":"post","link":"https:\/\/www.hashtag.al\/index.php\/2019\/03\/14\/cia-mund-te-kete-dore-ne-sulmin-e-ambasades-se-korese-se-veriut-ne-spanje\/","title":{"rendered":"CIA mund t\u00eb ket\u00eb dor\u00eb n\u00eb sulmin e Ambasad\u00ebs s\u00eb Kores\u00eb s\u00eb Veriut n\u00eb Spanj\u00eb","gt_translate_keys":[{"key":"rendered","format":"text"}]},"content":{"rendered":"<p><span style=\"color: #000000;\"><img loading=\"lazy\" decoding=\"async\" class=\"aligncenter size-full wp-image-282121\" src=\"https:\/\/hashtag.al\/wp-content\/uploads\/2019\/03\/ambasada.jpg\" alt=\"\" width=\"1960\" height=\"1007\" srcset=\"https:\/\/www.hashtag.al\/wp-content\/uploads\/2019\/03\/ambasada.jpg 1960w, https:\/\/www.hashtag.al\/wp-content\/uploads\/2019\/03\/ambasada-300x154.jpg 300w, https:\/\/www.hashtag.al\/wp-content\/uploads\/2019\/03\/ambasada-768x395.jpg 768w, https:\/\/www.hashtag.al\/wp-content\/uploads\/2019\/03\/ambasada-1024x526.jpg 1024w\" sizes=\"auto, (max-width: 1960px) 100vw, 1960px\" \/><\/span><\/p>\n<p><span style=\"color: #000000;\">CIA mund t\u00eb ket\u00eb rol n\u00eb sulmin q\u00eb ndodhi n\u00eb ambasad\u00ebn e Kores\u00eb s\u00eb Veriut n\u00eb Spanj\u00eb. N\u00ebse kjo konfirmohet, kjo ngjarje mund t\u00eb \u00e7oj\u00eb n\u00eb nj\u00eb konflikt midis Spanj\u00ebs dhe SHBA-s\u00eb.<\/span><\/p>\n<p><span style=\"color: #000000;\">Mediat spanjolle shkruajn\u00eb se t\u00eb pakt\u00ebn dy nga 10 autor\u00ebt, t\u00eb cil\u00ebt hyn\u00eb n\u00eb ambasad\u00eb, jan\u00eb identifikuar dhe rezultojn\u00eb t\u00eb lidhur me Agjencin\u00eb Qendrore t\u00eb Inteligjenc\u00ebs.<\/span><\/p>\n<p><span style=\"color: #000000;\"><span style=\"color: #0000ff;\"><a style=\"color: #0000ff;\" href=\"https:\/\/elpais.com\/elpais\/2019\/03\/13\/inenglish\/1552464196_279320.html\">&#8220;El Pais&#8221;<\/a><\/span> shkruan se &#8220;spiun\u00ebt amerikan\u00eb&#8221; e kan\u00eb mohuar p\u00ebrfshirjen e tyre n\u00eb ngjarje, ato ishin mjaft &#8220;jo-bind\u00ebs&#8221;, sipas burimeve qeveritare p\u00ebr gazet\u00ebn.<\/span><\/p>\n<p><span style=\"color: #000000;\">N\u00ebse roli i CIA-s n\u00eb \u00e7\u00ebshtje konfirmohet, kjo mund t\u00eb \u00e7oj\u00eb n\u00eb nj\u00eb shp\u00ebrthim t\u00eb madh diplomatik midis Madrid-it dhe Washington-it, pasi kjo nuk \u00ebsht\u00eb ajo \u00e7far\u00eb pret nga nj\u00eb &#8220;aleat&#8221;.<\/span><\/p>\n<p><span style=\"color: #000000;\">Incidenti i \u00e7uditsh\u00ebm ndodhi m\u00eb 22 shkurt, kur nj\u00eb grup njer\u00ebzish sulmuan misionin e Kores\u00eb s\u00eb Veriut n\u00eb Spanj\u00eb, t\u00eb vendosur n\u00eb Madrid.<\/span><\/p>\n<p><span style=\"color: #000000;\">Sulmuesit lidh\u00ebn personelin dhe m\u00eb pas rr\u00ebmuan n\u00ebp\u00ebr ambasad\u00eb p\u00ebr rreth kat\u00ebr or\u00eb, duke vjedhur kompjuter\u00eb dhe pajisje t\u00eb tjera elektronike.<\/span><\/p>\n<p><span style=\"color: #000000;\"><span style=\"color: #0000ff;\"><a style=\"color: #0000ff;\" href=\"https:\/\/www.rt.com\/news\/453742-cia-spain-north-korea\/\">&#8220;RT&#8221;<\/a> <\/span>shkruan se nj\u00eb nga punonj\u00ebsit arriti t\u00eb shp\u00ebtoj\u00eb dhe lajm\u00ebroi fqinj\u00ebt, t\u00eb cil\u00ebt thirr\u00ebn policin\u00eb. Kur erdh\u00ebn polic\u00ebt, u mir\u00ebprit\u00ebn nga nj\u00eb njeri, i cili u tha se gjith\u00e7ka shkonte mir\u00eb me misionin diplomatik.<\/span><\/p>\n<p><span style=\"color: #000000;\">Por m\u00eb pas t\u00eb dyshuarit u larguan me dy automjete t\u00eb vjedhura, t\u00eb cilat m\u00eb von\u00eb i braktis\u00ebn.<\/span><\/p>\n<p><span style=\"color: #000000;\">Policia pastaj zbuloi stafin e ambasad\u00ebs, t\u00eb cil\u00ebt ishin t\u00eb lidhur, t\u00eb plagosur dhe kishin qese n\u00eb kokat e tyre. Disa diplomat\u00eb k\u00ebrkuan kujdes mjek\u00ebsor pas incidentit p\u00ebr shkak t\u00eb l\u00ebndimeve t\u00eb lehta.<\/span><\/p>\n<p><img loading=\"lazy\" decoding=\"async\" class=\"aligncenter size-full wp-image-282122\" src=\"https:\/\/hashtag.al\/wp-content\/uploads\/2019\/03\/5c8900c9fc7e93f4698b45ae.jpg\" alt=\"\" width=\"980\" height=\"551\" srcset=\"https:\/\/www.hashtag.al\/wp-content\/uploads\/2019\/03\/5c8900c9fc7e93f4698b45ae.jpg 980w, https:\/\/www.hashtag.al\/wp-content\/uploads\/2019\/03\/5c8900c9fc7e93f4698b45ae-300x169.jpg 300w, https:\/\/www.hashtag.al\/wp-content\/uploads\/2019\/03\/5c8900c9fc7e93f4698b45ae-768x432.jpg 768w\" sizes=\"auto, (max-width: 980px) 100vw, 980px\" \/><\/p>\n","protected":false,"gt_translate_keys":[{"key":"rendered","format":"html"}]},"excerpt":{"rendered":"<p>CIA mund t\u00eb ket\u00eb rol n\u00eb sulmin q\u00eb ndodhi n\u00eb ambasad\u00ebn e Kores\u00eb s\u00eb Veriut n\u00eb Spanj\u00eb. N\u00ebse kjo konfirmohet, kjo ngjarje mund t\u00eb \u00e7oj\u00eb n\u00eb nj\u00eb konflikt midis Spanj\u00ebs dhe SHBA-s\u00eb. Mediat spanjolle shkruajn\u00eb se t\u00eb pakt\u00ebn dy nga 10 autor\u00ebt, t\u00eb cil\u00ebt hyn\u00eb n\u00eb ambasad\u00eb, jan\u00eb identifikuar dhe rezultojn\u00eb t\u00eb lidhur me Agjencin\u00eb [&hellip;]<\/p>\n","protected":false,"gt_translate_keys":[{"key":"rendered","format":"html"}]},"author":30,"featured_media":282121,"comment_status":"open","ping_status":"open","sticky":false,"template":"","format":"standard","meta":{"footnotes":""},"categories":[6],"tags":[],"class_list":["post-282120","post","type-post","status-publish","format-standard","has-post-thumbnail","hentry","category-nderkombetare"],"gt_translate_keys":[{"key":"link","format":"url"}],"_links":{"self":[{"href":"https:\/\/www.hashtag.al\/index.php\/wp-json\/wp\/v2\/posts\/282120","targetHints":{"allow":["GET"]}}],"collection":[{"href":"https:\/\/www.hashtag.al\/index.php\/wp-json\/wp\/v2\/posts"}],"about":[{"href":"https:\/\/www.hashtag.al\/index.php\/wp-json\/wp\/v2\/types\/post"}],"author":[{"embeddable":true,"href":"https:\/\/www.hashtag.al\/index.php\/wp-json\/wp\/v2\/users\/30"}],"replies":[{"embeddable":true,"href":"https:\/\/www.hashtag.al\/index.php\/wp-json\/wp\/v2\/comments?post=282120"}],"version-history":[{"count":0,"href":"https:\/\/www.hashtag.al\/index.php\/wp-json\/wp\/v2\/posts\/282120\/revisions"}],"wp:featuredmedia":[{"embeddable":true,"href":"https:\/\/www.hashtag.al\/index.php\/wp-json\/wp\/v2\/media\/282121"}],"wp:attachment":[{"href":"https:\/\/www.hashtag.al\/index.php\/wp-json\/wp\/v2\/media?parent=282120"}],"wp:term":[{"taxonomy":"category","embeddable":true,"href":"https:\/\/www.hashtag.al\/index.php\/wp-json\/wp\/v2\/categories?post=282120"},{"taxonomy":"post_tag","embeddable":true,"href":"https:\/\/www.hashtag.al\/index.php\/wp-json\/wp\/v2\/tags?post=282120"}],"curies":[{"name":"wp","href":"https:\/\/api.w.org\/{rel}","templated":true}]}}