{"id":281907,"date":"2019-03-13T10:03:20","date_gmt":"2019-03-13T09:03:20","guid":{"rendered":"https:\/\/hashtag.al\/?p=281907"},"modified":"2019-03-13T10:08:49","modified_gmt":"2019-03-13T09:08:49","slug":"zaev-mberrin-ne-tirane-per-here-te-pare-pas-zyrtarizimit-te-emrit-maqedonia-e-veriut-foto","status":"publish","type":"post","link":"https:\/\/www.hashtag.al\/index.php\/2019\/03\/13\/zaev-mberrin-ne-tirane-per-here-te-pare-pas-zyrtarizimit-te-emrit-maqedonia-e-veriut-foto\/","title":{"rendered":"Zaev mb\u00ebrrin n\u00eb Tiran\u00eb, p\u00ebr her\u00eb t\u00eb par\u00eb pas zyrtarizimit t\u00eb emrit &#8220;Maqedonia e Veriut&#8221; (FOTO)","gt_translate_keys":[{"key":"rendered","format":"text"}]},"content":{"rendered":"<p><span style=\"color: #000000;\"><img loading=\"lazy\" decoding=\"async\" class=\"aligncenter size-full wp-image-281910\" src=\"https:\/\/hashtag.al\/wp-content\/uploads\/2019\/03\/zaev.jpg\" alt=\"\" width=\"1234\" height=\"688\" srcset=\"https:\/\/www.hashtag.al\/wp-content\/uploads\/2019\/03\/zaev.jpg 1234w, https:\/\/www.hashtag.al\/wp-content\/uploads\/2019\/03\/zaev-300x167.jpg 300w, https:\/\/www.hashtag.al\/wp-content\/uploads\/2019\/03\/zaev-768x428.jpg 768w, https:\/\/www.hashtag.al\/wp-content\/uploads\/2019\/03\/zaev-1024x571.jpg 1024w\" sizes=\"auto, (max-width: 1234px) 100vw, 1234px\" \/> <\/span><\/p>\n<p><span style=\"color: #000000;\">Kryeministri i Republik\u00ebs s\u00eb Maqedonis\u00eb s\u00eb Veriut, Zoran Zaev, ka mb\u00ebrritur n\u00eb Tiran\u00eb. Kryeministri Edi Rama e ka pritur p\u00ebrmes nj\u00eb ceremonie zyrtare. N\u00eb k\u00ebt\u00eb vizit\u00eb n\u00eb shqip\u00ebri, Zaev \u00ebsht\u00eb i<\/span><span style=\"color: #000000;\">\u00a0shoq\u00ebruar nga z\u00ebvend\u00ebs-kryeministri p\u00ebr \u00c7\u00ebshtje Evropiane, Bujar Osmani dhe nga ministri i pun\u00ebve t\u00eb Jashtme, Nikolla Dimitrov.<\/span><\/p>\n<p><span style=\"color: #000000;\">Gjat\u00eb k\u00ebsaj vizite, Zaev do t\u00eb takohet dhe me kreun e Kuvendit Gramoz Ru\u00e7i.<\/span><\/p>\n<p><span style=\"color: #000000;\">Dy kryeministrat, Rama dhe Zaev do t\u00eb mbajn\u00eb m\u00eb von\u00eb nj\u00eb konferenc\u00eb t\u00eb p\u00ebrbashk\u00ebt p\u00ebr shtyp nga ku do t\u00eb njoftojn\u00eb mbi marr\u00ebveshjet q\u00eb do t\u00eb arrijn\u00eb.<\/span><\/p>\n<p><span style=\"color: #000000;\">Kjo \u00ebsht\u00eb vizita e par\u00eb zyrtare q\u00eb Zaev b\u00ebn n\u00eb Shqip\u00ebri, pas zyrtarizimit t\u00eb emrit t\u00eb ri t\u00eb shtetit.<\/span><\/p>\n<p><span style=\"color: #000000;\"><strong>Axhenda<\/strong>:<\/span><\/p>\n<p><span style=\"color: #000000;\">10:00 &#8211; Ceremoniali zyrtar<\/span><\/p>\n<p><span style=\"color: #000000;\">10:30 &#8211; Takim i dy delegacioneve<\/span><\/p>\n<p><span style=\"color: #000000;\">11:15 &#8211; Konferenc\u00eb e p\u00ebrbashk\u00ebt e dy kryeministrave<\/span><\/p>\n<p><img loading=\"lazy\" decoding=\"async\" class=\"aligncenter size-full wp-image-281912\" src=\"https:\/\/hashtag.al\/wp-content\/uploads\/2019\/03\/Zaevi.jpg\" alt=\"\" width=\"1438\" height=\"688\" srcset=\"https:\/\/www.hashtag.al\/wp-content\/uploads\/2019\/03\/Zaevi.jpg 1438w, https:\/\/www.hashtag.al\/wp-content\/uploads\/2019\/03\/Zaevi-300x144.jpg 300w, https:\/\/www.hashtag.al\/wp-content\/uploads\/2019\/03\/Zaevi-768x367.jpg 768w, https:\/\/www.hashtag.al\/wp-content\/uploads\/2019\/03\/Zaevi-1024x490.jpg 1024w\" sizes=\"auto, (max-width: 1438px) 100vw, 1438px\" \/><\/p>\n<p><img loading=\"lazy\" decoding=\"async\" class=\"aligncenter size-full wp-image-281911\" src=\"https:\/\/hashtag.al\/wp-content\/uploads\/2019\/03\/RZ.jpg\" alt=\"\" width=\"1419\" height=\"696\" srcset=\"https:\/\/www.hashtag.al\/wp-content\/uploads\/2019\/03\/RZ.jpg 1419w, https:\/\/www.hashtag.al\/wp-content\/uploads\/2019\/03\/RZ-300x147.jpg 300w, https:\/\/www.hashtag.al\/wp-content\/uploads\/2019\/03\/RZ-768x377.jpg 768w, https:\/\/www.hashtag.al\/wp-content\/uploads\/2019\/03\/RZ-1024x502.jpg 1024w\" sizes=\"auto, (max-width: 1419px) 100vw, 1419px\" \/><\/p>\n","protected":false,"gt_translate_keys":[{"key":"rendered","format":"html"}]},"excerpt":{"rendered":"<p>Kryeministri i Republik\u00ebs s\u00eb Maqedonis\u00eb s\u00eb Veriut, Zoran Zaev, ka mb\u00ebrritur n\u00eb Tiran\u00eb. Kryeministri Edi Rama e ka pritur p\u00ebrmes nj\u00eb ceremonie zyrtare. N\u00eb k\u00ebt\u00eb vizit\u00eb n\u00eb shqip\u00ebri, Zaev \u00ebsht\u00eb i\u00a0shoq\u00ebruar nga z\u00ebvend\u00ebs-kryeministri p\u00ebr \u00c7\u00ebshtje Evropiane, Bujar Osmani dhe nga ministri i pun\u00ebve t\u00eb Jashtme, Nikolla Dimitrov. Gjat\u00eb k\u00ebsaj vizite, Zaev do t\u00eb takohet dhe [&hellip;]<\/p>\n","protected":false,"gt_translate_keys":[{"key":"rendered","format":"html"}]},"author":30,"featured_media":281910,"comment_status":"open","ping_status":"open","sticky":false,"template":"","format":"standard","meta":{"footnotes":""},"categories":[65,13],"tags":[],"class_list":["post-281907","post","type-post","status-publish","format-standard","has-post-thumbnail","hentry","category-lajme","category-te-fundit"],"gt_translate_keys":[{"key":"link","format":"url"}],"_links":{"self":[{"href":"https:\/\/www.hashtag.al\/index.php\/wp-json\/wp\/v2\/posts\/281907","targetHints":{"allow":["GET"]}}],"collection":[{"href":"https:\/\/www.hashtag.al\/index.php\/wp-json\/wp\/v2\/posts"}],"about":[{"href":"https:\/\/www.hashtag.al\/index.php\/wp-json\/wp\/v2\/types\/post"}],"author":[{"embeddable":true,"href":"https:\/\/www.hashtag.al\/index.php\/wp-json\/wp\/v2\/users\/30"}],"replies":[{"embeddable":true,"href":"https:\/\/www.hashtag.al\/index.php\/wp-json\/wp\/v2\/comments?post=281907"}],"version-history":[{"count":0,"href":"https:\/\/www.hashtag.al\/index.php\/wp-json\/wp\/v2\/posts\/281907\/revisions"}],"wp:featuredmedia":[{"embeddable":true,"href":"https:\/\/www.hashtag.al\/index.php\/wp-json\/wp\/v2\/media\/281910"}],"wp:attachment":[{"href":"https:\/\/www.hashtag.al\/index.php\/wp-json\/wp\/v2\/media?parent=281907"}],"wp:term":[{"taxonomy":"category","embeddable":true,"href":"https:\/\/www.hashtag.al\/index.php\/wp-json\/wp\/v2\/categories?post=281907"},{"taxonomy":"post_tag","embeddable":true,"href":"https:\/\/www.hashtag.al\/index.php\/wp-json\/wp\/v2\/tags?post=281907"}],"curies":[{"name":"wp","href":"https:\/\/api.w.org\/{rel}","templated":true}]}}