{"id":281894,"date":"2019-03-13T09:39:44","date_gmt":"2019-03-13T08:39:44","guid":{"rendered":"https:\/\/hashtag.al\/?p=281894"},"modified":"2019-03-13T09:45:13","modified_gmt":"2019-03-13T08:45:13","slug":"e-pezulluan-pse-mbrojti-shtepine-efektivja-e-shqiponjave-rikthehet-ne-pune","status":"publish","type":"post","link":"https:\/\/www.hashtag.al\/index.php\/2019\/03\/13\/e-pezulluan-pse-mbrojti-shtepine-efektivja-e-shqiponjave-rikthehet-ne-pune\/","title":{"rendered":"E pezulluan pse mbrojti sht\u00ebpin\u00eb, efektivja e &#8220;Shqiponjave&#8221; rikthehet n\u00eb pun\u00eb","gt_translate_keys":[{"key":"rendered","format":"text"}]},"content":{"rendered":"<p><span style=\"color: #000000;\"><img loading=\"lazy\" decoding=\"async\" class=\"aligncenter size-full wp-image-281405\" src=\"https:\/\/hashtag.al\/wp-content\/uploads\/2019\/03\/gruaja-1.jpg\" alt=\"\" width=\"780\" height=\"405\" srcset=\"https:\/\/www.hashtag.al\/wp-content\/uploads\/2019\/03\/gruaja-1.jpg 780w, https:\/\/www.hashtag.al\/wp-content\/uploads\/2019\/03\/gruaja-1-300x156.jpg 300w, https:\/\/www.hashtag.al\/wp-content\/uploads\/2019\/03\/gruaja-1-768x399.jpg 768w\" sizes=\"auto, (max-width: 780px) 100vw, 780px\" \/><\/span><\/p>\n<p><span style=\"color: #000000;\">Efektivja e repartit &#8220;Shqiponja&#8221; e cila nj\u00eb dit\u00eb m\u00eb par\u00eb u pezullua nga detyra p\u00ebr shkak se protestoi p\u00ebr t\u00eb mbrojtur banes\u00ebn e saj, sot ka marr\u00eb lajmin e mir\u00eb se \u00ebsht\u00eb rikthyer n\u00eb pun\u00eb.<\/span><\/p>\n<p><span style=\"color: #000000;\">Pezullimi nga detyra i polices Drita Dervishi, shkaktoi shum\u00eb reagime n\u00eb opinionin publik dhe pas k\u00ebsaj drejtuesit e Policis\u00eb s\u00eb Tiran\u00ebs, i kan\u00eb komunikuar se do t\u00eb vijoj\u00eb t\u00eb jet\u00eb punonj\u00ebse pran\u00eb Repartit &#8220;Shqiponja&#8221;.<\/span><\/p>\n<p><span style=\"color: #000000;\">Blerta Dervishi banon bashk\u00eb me 14 persona t\u00eb tjer\u00eb n\u00eb nd\u00ebrtes\u00ebn tek &#8216;Petro Nini&#8217;, n\u00eb t\u00eb cil\u00ebn dy dit\u00eb m\u00eb par\u00eb P\u00ebrmbarimi shkoi p\u00ebr t&#8217;i nxjerr\u00eb jasht\u00eb dhe p\u00ebr t\u00eb shembur banes\u00ebn pas nj\u00eb vendimi t\u00eb gjykat\u00ebs q\u00eb toka ku \u00ebsht\u00eb nd\u00ebrtuar banesa i takon nj\u00eb pronari tjet\u00ebr.<\/span><\/p>\n<p><span style=\"color: #000000;\">Rasti i Dervishit shkaktoi shum\u00eb reagime, pasi n\u00ebna e dy f\u00ebmij\u00ebve u pezullua nga detyra, pavar\u00ebsisht pamjeve ku shihej duke qet\u00ebsuar protestuesit e tjer\u00eb q\u00eb t\u00eb mos kalonin n\u00eb p\u00ebrdorim t\u00eb dhun\u00ebs fizike ndaj polic\u00ebve.<\/span><\/p>\n<p><span style=\"color: #000000;\">Ajo \u00ebsht\u00eb par\u00eb duke u marr\u00eb nj\u00eb s\u00ebpat\u00eb nga dora nj\u00eb banori, apo duke qet\u00ebsuar banor\u00eb t\u00eb tjer\u00eb p\u00ebr t\u00eb shmangur p\u00ebrshkall\u00ebzimin n\u00eb dhun\u00eb, por shp\u00ebrblimi q\u00eb mori ishte pezullimi nga detyra.<\/span><\/p>\n<p><span style=\"color: #000000;\"><em>\u201cP\u00ebr momentin dje m\u00eb \u00ebsht\u00eb njohur q\u00eb jam e pezulluar, motivacioni \u2018penges\u00eb p\u00ebr veprimet p\u00ebrmbarimore\u2019. <\/em><em>Koleg\u00ebt e mi kan\u00eb qar\u00eb, kan\u00eb b\u00ebr\u00eb detyr\u00ebn si\u00e7 \u00ebsht\u00eb caktuar n\u00eb m\u00ebnyr\u00ebn m\u00eb t\u00eb mir\u00eb t\u00eb mundshme. I p\u00ebrg\u00ebzoj, kan\u00eb b\u00ebr\u00eb detyr\u00ebn e tyre si epror\u00ebt dhe efektiv\u00ebt e policis\u00eb. Kurse p\u00ebr rastin tim un\u00eb aty kam qen\u00eb si banore, qytetare e thjesht\u00eb, e lir\u00eb p\u00ebr t\u00eb mbrojtur pron\u00ebn time, e lir\u00eb p\u00ebr t\u00eb mbrojtur familjen time, e lir\u00eb p\u00ebr t\u00eb mbrojtur f\u00ebmij\u00ebt e mi, sepse nuk kam ku t\u00eb shkoj tjet\u00ebr.\u201d,<\/em> jan\u00eb fjal\u00ebt e Dervishit pasi mori vesh dje lajmin e pezullimit.<\/span><\/p>\n<p><span style=\"color: #000000;\">Kryeministri Edi Rama lidhur me p\u00ebrplasjen te Petro Nini tha se &#8220;<em>u provokua q\u00ebllimisht irritimi i njer\u00ebzve pa u dh\u00ebn\u00eb informacion faktik.&#8221;\u00a0 <\/em>Rama tha se nuk mund ta zhb\u00ebj\u00eb vendimin e gjykat\u00ebs sepse nuk \u00ebsht\u00eb n\u00eb kompetenc\u00ebn e qeveris\u00eb, por theksoi se policia ka b\u00ebr\u00eb vet\u00ebm detyr\u00ebn pasi ishte thirrur nga P\u00ebrmbarimi.<\/span><\/p>\n<p><img loading=\"lazy\" decoding=\"async\" class=\"aligncenter size-full wp-image-281677\" style=\"color: #000000;\" src=\"https:\/\/hashtag.al\/wp-content\/uploads\/2019\/03\/police-Copy.jpeg\" alt=\"\" width=\"998\" height=\"846\" srcset=\"https:\/\/www.hashtag.al\/wp-content\/uploads\/2019\/03\/police-Copy.jpeg 998w, https:\/\/www.hashtag.al\/wp-content\/uploads\/2019\/03\/police-Copy-300x254.jpeg 300w, https:\/\/www.hashtag.al\/wp-content\/uploads\/2019\/03\/police-Copy-768x651.jpeg 768w\" sizes=\"auto, (max-width: 998px) 100vw, 998px\" \/><\/p>\n","protected":false,"gt_translate_keys":[{"key":"rendered","format":"html"}]},"excerpt":{"rendered":"<p>Efektivja e repartit &#8220;Shqiponja&#8221; e cila nj\u00eb dit\u00eb m\u00eb par\u00eb u pezullua nga detyra p\u00ebr shkak se protestoi p\u00ebr t\u00eb mbrojtur banes\u00ebn e saj, sot ka marr\u00eb lajmin e mir\u00eb se \u00ebsht\u00eb rikthyer n\u00eb pun\u00eb. Pezullimi nga detyra i polices Drita Dervishi, shkaktoi shum\u00eb reagime n\u00eb opinionin publik dhe pas k\u00ebsaj drejtuesit e Policis\u00eb s\u00eb [&hellip;]<\/p>\n","protected":false,"gt_translate_keys":[{"key":"rendered","format":"html"}]},"author":30,"featured_media":281405,"comment_status":"open","ping_status":"open","sticky":false,"template":"","format":"standard","meta":{"footnotes":""},"categories":[65,13],"tags":[],"class_list":["post-281894","post","type-post","status-publish","format-standard","has-post-thumbnail","hentry","category-lajme","category-te-fundit"],"gt_translate_keys":[{"key":"link","format":"url"}],"_links":{"self":[{"href":"https:\/\/www.hashtag.al\/index.php\/wp-json\/wp\/v2\/posts\/281894","targetHints":{"allow":["GET"]}}],"collection":[{"href":"https:\/\/www.hashtag.al\/index.php\/wp-json\/wp\/v2\/posts"}],"about":[{"href":"https:\/\/www.hashtag.al\/index.php\/wp-json\/wp\/v2\/types\/post"}],"author":[{"embeddable":true,"href":"https:\/\/www.hashtag.al\/index.php\/wp-json\/wp\/v2\/users\/30"}],"replies":[{"embeddable":true,"href":"https:\/\/www.hashtag.al\/index.php\/wp-json\/wp\/v2\/comments?post=281894"}],"version-history":[{"count":0,"href":"https:\/\/www.hashtag.al\/index.php\/wp-json\/wp\/v2\/posts\/281894\/revisions"}],"wp:featuredmedia":[{"embeddable":true,"href":"https:\/\/www.hashtag.al\/index.php\/wp-json\/wp\/v2\/media\/281405"}],"wp:attachment":[{"href":"https:\/\/www.hashtag.al\/index.php\/wp-json\/wp\/v2\/media?parent=281894"}],"wp:term":[{"taxonomy":"category","embeddable":true,"href":"https:\/\/www.hashtag.al\/index.php\/wp-json\/wp\/v2\/categories?post=281894"},{"taxonomy":"post_tag","embeddable":true,"href":"https:\/\/www.hashtag.al\/index.php\/wp-json\/wp\/v2\/tags?post=281894"}],"curies":[{"name":"wp","href":"https:\/\/api.w.org\/{rel}","templated":true}]}}