{"id":281308,"date":"2019-03-11T09:56:46","date_gmt":"2019-03-11T08:56:46","guid":{"rendered":"https:\/\/hashtag.al\/?p=281308"},"modified":"2019-03-11T09:57:46","modified_gmt":"2019-03-11T08:57:46","slug":"rama-me-antiplumb-ne-fier-sikur-te-ishte-ne-zone-lufte","status":"publish","type":"post","link":"https:\/\/www.hashtag.al\/index.php\/2019\/03\/11\/rama-me-antiplumb-ne-fier-sikur-te-ishte-ne-zone-lufte\/","title":{"rendered":"&#8220;Rama me antiplumb n\u00eb Fier, sikur t\u00eb ishte n\u00eb zon\u00eb lufte&#8221;","gt_translate_keys":[{"key":"rendered","format":"text"}]},"content":{"rendered":"<p><span style=\"color: #000000;\"><img loading=\"lazy\" decoding=\"async\" class=\"aligncenter size-full wp-image-281309\" src=\"https:\/\/hashtag.al\/wp-content\/uploads\/2019\/03\/rama-4.jpg\" alt=\"\" width=\"818\" height=\"960\" srcset=\"https:\/\/www.hashtag.al\/wp-content\/uploads\/2019\/03\/rama-4.jpg 818w, https:\/\/www.hashtag.al\/wp-content\/uploads\/2019\/03\/rama-4-256x300.jpg 256w, https:\/\/www.hashtag.al\/wp-content\/uploads\/2019\/03\/rama-4-768x901.jpg 768w\" sizes=\"auto, (max-width: 818px) 100vw, 818px\" \/><\/span><\/p>\n<p><span style=\"color: #000000;\">Ish-kryeministri Sali Berisha, akuzon kryeministrin aktual Edi Rama, se ka veshur jelek antiplumb gjat\u00eb vizit\u00ebs s\u00eb tij k\u00ebt\u00eb fundjav\u00eb n\u00eb qytetin e Fierit.<\/span><\/p>\n<p><span style=\"color: #000000;\"><em>&#8220;Me antiplumb sikur te ishte ne zone lufte, se shpejti dhe me helmete&#8221;,<\/em> shkruan Berisha, i cili publikon nj\u00eb nga fotot e ram\u00ebs n\u00eb Fier.<\/span><\/p>\n<p><span style=\"color: #000000;\">E n\u00eb fakt, posht\u00eb xhaket\u00ebs s\u00eb kryeministrit duket se ka di\u00e7ka.<\/span><\/p>\n<p><span style=\"color: #000000;\">Kryeministri \u00ebsht\u00eb pritur me protesta gjat\u00eb takimeve t\u00eb tij n\u00eb Fier. Protesta jan\u00eb zhvilluar n\u00eb qytetin e Fierit, n\u00eb roskovec e Patos.<\/span><\/p>\n","protected":false,"gt_translate_keys":[{"key":"rendered","format":"html"}]},"excerpt":{"rendered":"<p>Ish-kryeministri Sali Berisha, akuzon kryeministrin aktual Edi Rama, se ka veshur jelek antiplumb gjat\u00eb vizit\u00ebs s\u00eb tij k\u00ebt\u00eb fundjav\u00eb n\u00eb qytetin e Fierit. &#8220;Me antiplumb sikur te ishte ne zone lufte, se shpejti dhe me helmete&#8221;, shkruan Berisha, i cili publikon nj\u00eb nga fotot e ram\u00ebs n\u00eb Fier. E n\u00eb fakt, posht\u00eb xhaket\u00ebs s\u00eb kryeministrit [&hellip;]<\/p>\n","protected":false,"gt_translate_keys":[{"key":"rendered","format":"html"}]},"author":30,"featured_media":281310,"comment_status":"open","ping_status":"open","sticky":false,"template":"","format":"standard","meta":{"footnotes":""},"categories":[65,13],"tags":[],"class_list":["post-281308","post","type-post","status-publish","format-standard","has-post-thumbnail","hentry","category-lajme","category-te-fundit"],"gt_translate_keys":[{"key":"link","format":"url"}],"_links":{"self":[{"href":"https:\/\/www.hashtag.al\/index.php\/wp-json\/wp\/v2\/posts\/281308","targetHints":{"allow":["GET"]}}],"collection":[{"href":"https:\/\/www.hashtag.al\/index.php\/wp-json\/wp\/v2\/posts"}],"about":[{"href":"https:\/\/www.hashtag.al\/index.php\/wp-json\/wp\/v2\/types\/post"}],"author":[{"embeddable":true,"href":"https:\/\/www.hashtag.al\/index.php\/wp-json\/wp\/v2\/users\/30"}],"replies":[{"embeddable":true,"href":"https:\/\/www.hashtag.al\/index.php\/wp-json\/wp\/v2\/comments?post=281308"}],"version-history":[{"count":0,"href":"https:\/\/www.hashtag.al\/index.php\/wp-json\/wp\/v2\/posts\/281308\/revisions"}],"wp:featuredmedia":[{"embeddable":true,"href":"https:\/\/www.hashtag.al\/index.php\/wp-json\/wp\/v2\/media\/281310"}],"wp:attachment":[{"href":"https:\/\/www.hashtag.al\/index.php\/wp-json\/wp\/v2\/media?parent=281308"}],"wp:term":[{"taxonomy":"category","embeddable":true,"href":"https:\/\/www.hashtag.al\/index.php\/wp-json\/wp\/v2\/categories?post=281308"},{"taxonomy":"post_tag","embeddable":true,"href":"https:\/\/www.hashtag.al\/index.php\/wp-json\/wp\/v2\/tags?post=281308"}],"curies":[{"name":"wp","href":"https:\/\/api.w.org\/{rel}","templated":true}]}}