{"id":281283,"date":"2019-03-11T08:57:30","date_gmt":"2019-03-11T07:57:30","guid":{"rendered":"https:\/\/hashtag.al\/?p=281283"},"modified":"2019-03-11T09:00:04","modified_gmt":"2019-03-11T08:00:04","slug":"publikohet-videoklipi-i-kenges-qe-perfaqeson-shqiperine-ne-eurovision","status":"publish","type":"post","link":"https:\/\/www.hashtag.al\/index.php\/2019\/03\/11\/publikohet-videoklipi-i-kenges-qe-perfaqeson-shqiperine-ne-eurovision\/","title":{"rendered":"Publikohet videoklipi i k\u00ebng\u00ebs q\u00eb p\u00ebrfaq\u00ebson Shqip\u00ebrin\u00eb n\u00eb &#8220;Eurovision&#8221;","gt_translate_keys":[{"key":"rendered","format":"text"}]},"content":{"rendered":"<p><span style=\"color: #000000;\"><img loading=\"lazy\" decoding=\"async\" class=\"aligncenter size-full wp-image-260237\" src=\"https:\/\/hashtag.al\/wp-content\/uploads\/2018\/12\/jonida-mailiqi.jpg\" alt=\"\" width=\"770\" height=\"433\" srcset=\"https:\/\/www.hashtag.al\/wp-content\/uploads\/2018\/12\/jonida-mailiqi.jpg 770w, https:\/\/www.hashtag.al\/wp-content\/uploads\/2018\/12\/jonida-mailiqi-300x169.jpg 300w, https:\/\/www.hashtag.al\/wp-content\/uploads\/2018\/12\/jonida-mailiqi-768x432.jpg 768w\" sizes=\"auto, (max-width: 770px) 100vw, 770px\" \/><\/span><\/p>\n<p><span style=\"color: #000000;\">Publikohet videoklipi i k\u00ebng\u00ebs q\u00eb k\u00ebt\u00eb vit do t\u00eb p\u00ebrfaq\u00ebsoj\u00eb Shqip\u00ebrin\u00eb n\u00eb &#8220;Eurovision&#8221;.<\/span><\/p>\n<p><span style=\"color: #000000;\">Videoklipi i k\u00ebng\u00ebs s\u00eb Jonida Maliqit &#8220;Ktheju tok\u00ebs&#8221; \u00ebsht\u00eb publikuar n\u00eb &#8220;Youtube&#8221; mbr\u00ebmjen e\u00a0 kaluar, ku Jonida shfaqet me \u00a0nj\u00eb fustan t\u00eb stiluar nga Ardi Asllan.<\/span><\/p>\n<p><span style=\"color: #000000;\">&#8221; Eurovision&#8221;-i i k\u00ebtij viti do t\u00eb mbahet n\u00eb Izrael. Jonida Maliqi u shpall fituese e festivalit t\u00eb 57 n\u00eb RTSH n\u00eb dhejtor, me k\u00ebng\u00ebn \u201cKtheju tok\u00ebs\u201d me muzik\u00eb dhe poezi t\u00eb Eriona Rushitit. K\u00ebng\u00ebtarja fitoi 228 pik\u00eb nga juria.<\/span><\/p>\n<p><span style=\"color: #000000;\"><em>\u201cNuk e besoj dot! Falenderoj ata q\u00eb e krijuan k\u00ebt\u00eb k\u00ebng\u00eb!\u201d-<\/em> u shpreh k\u00ebng\u00ebtarja asokohe, nd\u00ebrsa pak m\u00eb von\u00eb tha se ky kompeticion nuk kishte qen\u00eb fare synimi i saj.<\/span><\/p>\n<p><span style=\"color: #000000;\">K\u00ebnga e Jonid\u00ebs trajton tem\u00ebn e emigracionit t\u00eb shqiptar\u00ebve.\u00a0<\/span><\/p>\n<p><iframe loading=\"lazy\" title=\"Jonida Maliqi - Ktheju tok\u00ebs - Albania \ud83c\udde6\ud83c\uddf1 - Official Music Video - Eurovision 2019\" width=\"1170\" height=\"658\" src=\"https:\/\/www.youtube.com\/embed\/eo4aFzAkQkA?feature=oembed\" frameborder=\"0\" allow=\"accelerometer; autoplay; clipboard-write; encrypted-media; gyroscope; picture-in-picture\" allowfullscreen><\/iframe><\/p>\n<p>&nbsp;<\/p>\n","protected":false,"gt_translate_keys":[{"key":"rendered","format":"html"}]},"excerpt":{"rendered":"<p>Publikohet videoklipi i k\u00ebng\u00ebs q\u00eb k\u00ebt\u00eb vit do t\u00eb p\u00ebrfaq\u00ebsoj\u00eb Shqip\u00ebrin\u00eb n\u00eb &#8220;Eurovision&#8221;. Videoklipi i k\u00ebng\u00ebs s\u00eb Jonida Maliqit &#8220;Ktheju tok\u00ebs&#8221; \u00ebsht\u00eb publikuar n\u00eb &#8220;Youtube&#8221; mbr\u00ebmjen e\u00a0 kaluar, ku Jonida shfaqet me \u00a0nj\u00eb fustan t\u00eb stiluar nga Ardi Asllan. &#8221; Eurovision&#8221;-i i k\u00ebtij viti do t\u00eb mbahet n\u00eb Izrael. Jonida Maliqi u shpall fituese e [&hellip;]<\/p>\n","protected":false,"gt_translate_keys":[{"key":"rendered","format":"html"}]},"author":30,"featured_media":260237,"comment_status":"open","ping_status":"open","sticky":false,"template":"","format":"standard","meta":{"footnotes":""},"categories":[53],"tags":[],"class_list":["post-281283","post","type-post","status-publish","format-standard","has-post-thumbnail","hentry","category-fast-foodi"],"gt_translate_keys":[{"key":"link","format":"url"}],"_links":{"self":[{"href":"https:\/\/www.hashtag.al\/index.php\/wp-json\/wp\/v2\/posts\/281283","targetHints":{"allow":["GET"]}}],"collection":[{"href":"https:\/\/www.hashtag.al\/index.php\/wp-json\/wp\/v2\/posts"}],"about":[{"href":"https:\/\/www.hashtag.al\/index.php\/wp-json\/wp\/v2\/types\/post"}],"author":[{"embeddable":true,"href":"https:\/\/www.hashtag.al\/index.php\/wp-json\/wp\/v2\/users\/30"}],"replies":[{"embeddable":true,"href":"https:\/\/www.hashtag.al\/index.php\/wp-json\/wp\/v2\/comments?post=281283"}],"version-history":[{"count":0,"href":"https:\/\/www.hashtag.al\/index.php\/wp-json\/wp\/v2\/posts\/281283\/revisions"}],"wp:featuredmedia":[{"embeddable":true,"href":"https:\/\/www.hashtag.al\/index.php\/wp-json\/wp\/v2\/media\/260237"}],"wp:attachment":[{"href":"https:\/\/www.hashtag.al\/index.php\/wp-json\/wp\/v2\/media?parent=281283"}],"wp:term":[{"taxonomy":"category","embeddable":true,"href":"https:\/\/www.hashtag.al\/index.php\/wp-json\/wp\/v2\/categories?post=281283"},{"taxonomy":"post_tag","embeddable":true,"href":"https:\/\/www.hashtag.al\/index.php\/wp-json\/wp\/v2\/tags?post=281283"}],"curies":[{"name":"wp","href":"https:\/\/api.w.org\/{rel}","templated":true}]}}