{"id":281276,"date":"2019-03-11T08:33:56","date_gmt":"2019-03-11T07:33:56","guid":{"rendered":"https:\/\/hashtag.al\/?p=281276"},"modified":"2019-03-11T08:34:42","modified_gmt":"2019-03-11T07:34:42","slug":"lirohet-e-dyshuara-per-vrasjen-e-vellait-te-kim-jong-un","status":"publish","type":"post","link":"https:\/\/www.hashtag.al\/index.php\/2019\/03\/11\/lirohet-e-dyshuara-per-vrasjen-e-vellait-te-kim-jong-un\/","title":{"rendered":"Lirohet e dyshuara p\u00ebr vrasjen e v\u00ebllait t\u00eb Kim Jong-un","gt_translate_keys":[{"key":"rendered","format":"text"}]},"content":{"rendered":"<p><img loading=\"lazy\" decoding=\"async\" class=\"aligncenter size-full wp-image-281279\" src=\"https:\/\/hashtag.al\/wp-content\/uploads\/2019\/03\/Aysiah.jpg\" alt=\"\" width=\"660\" height=\"371\" srcset=\"https:\/\/www.hashtag.al\/wp-content\/uploads\/2019\/03\/Aysiah.jpg 660w, https:\/\/www.hashtag.al\/wp-content\/uploads\/2019\/03\/Aysiah-300x169.jpg 300w\" sizes=\"auto, (max-width: 660px) 100vw, 660px\" \/><\/p>\n<p><span style=\"color: #000000;\">Gruaja indoneziane, e cila akuzohet p\u00ebr vrasjen Kim Jong-nam, gjysm\u00eb-v\u00ebllait t\u00eb liderit t\u00eb Kores\u00eb s\u00eb Veriut\u00a0Kim Jong-un, \u00ebsht\u00eb liruar, pasi akuzat ndaj saj jan\u00eb hedhur posht\u00eb.<\/span><\/p>\n<p><span style=\"color: #000000;\">Sikurse shkruan <span style=\"color: #0000ff;\"><a style=\"color: #0000ff;\" href=\"https:\/\/www.bbc.com\/news\/world-asia-47520443\">&#8220;BBC&#8221;<\/a><\/span>, Siti Aisyah, ishte akuzuar p\u00ebr vrasjen e Kimit, duke i hedhur atij n\u00eb fytyr\u00eb nj\u00eb agjent nervor, n\u00eb aeroportin e Kuala Lampurit n\u00eb vitin 2017.<\/span><\/p>\n<p><span style=\"color: #000000;\">Ajo dhe e akuzuara tjet\u00ebr vietnameze, Doan Thi Huong, mohojn\u00eb t\u00eb ken\u00eb kryer vrasjen dhe4 madje kan\u00eb deklaruar se fillimisht kan\u00eb menduar se po i b\u00ebnin ndonj\u00eb loj\u00eb televizive.<\/span><\/p>\n<p><span style=\"color: #000000;\">Prokurori p\u00ebr \u00e7\u00ebshtjen k\u00ebrkoi q\u00eb akuza p\u00ebr vrasjen e Siti Aisyah t\u00eb hiqet, pa dh\u00ebn\u00eb ndonj\u00eb arsye.<\/span><\/p>\n<p><img loading=\"lazy\" decoding=\"async\" class=\"aligncenter size-full wp-image-281278\" src=\"https:\/\/hashtag.al\/wp-content\/uploads\/2019\/03\/grate.jpg\" alt=\"\" width=\"624\" height=\"351\" srcset=\"https:\/\/www.hashtag.al\/wp-content\/uploads\/2019\/03\/grate.jpg 624w, https:\/\/www.hashtag.al\/wp-content\/uploads\/2019\/03\/grate-300x169.jpg 300w\" sizes=\"auto, (max-width: 624px) 100vw, 624px\" \/><\/p>\n<p><span style=\"color: #000000;\">N\u00eb nj\u00eb let\u00ebr drejtuar ministrit t\u00eb drejt\u00ebsis\u00eb indoneziane, avokati i Malajzis\u00eb shpjegoi se vendimi ishte duke marr\u00eb duke patur parasysh konsideratat q\u00eb Jakarta ngriti p\u00ebr rastin, si dhe marr\u00ebdh\u00ebniet e mira midis dy vendeve.<\/span><\/p>\n<p><span style=\"color: #000000;\">Sipas korrespondentit t\u00eb BBC-s\u00eb, Jonathan Shefi, ka pasur m\u00eb pak prova kund\u00ebr Aisyah sesa kund\u00ebr t\u00eb pandehur\u00ebs vietnameze.<\/span><\/p>\n<p><span style=\"color: #000000;\">Kim Jong-nam, gjysm\u00eb-v\u00ebllai i larguar i udh\u00ebheq\u00ebsit t\u00eb Kores\u00eb s\u00eb Veriut, po priste t\u00eb hipte n\u00eb nj\u00eb fluturim nga Kuala Lumpur n\u00eb Macau m\u00eb 13 shkurt 2017, kur dy gra iu afruan.<\/span><\/p>\n<p><span style=\"color: #000000;\">Pamjet e &#8220;CCTV&#8221; treguan nj\u00ebr\u00ebn prej tyre vendoste duart mbi fytyr\u00ebn e tij, pastaj t\u00eb dyja grat\u00eb u larguan nga skena.<\/span><\/p>\n<p><span style=\"color: #000000;\">Kim vdiq rrug\u00ebs p\u00ebr n\u00eb spital teksa m\u00eb von\u00eb \u00ebsht\u00eb v\u00ebrtetuar se ai i \u00ebsht\u00eb ekspozuar agjentit nervor, VX.<\/span><\/p>\n<p><img loading=\"lazy\" decoding=\"async\" class=\"aligncenter size-full wp-image-281277\" src=\"https:\/\/hashtag.al\/wp-content\/uploads\/2019\/03\/kim-yong-nam.jpg\" alt=\"\" width=\"624\" height=\"395\" srcset=\"https:\/\/www.hashtag.al\/wp-content\/uploads\/2019\/03\/kim-yong-nam.jpg 624w, https:\/\/www.hashtag.al\/wp-content\/uploads\/2019\/03\/kim-yong-nam-300x190.jpg 300w\" sizes=\"auto, (max-width: 624px) 100vw, 624px\" \/><\/p>\n","protected":false,"gt_translate_keys":[{"key":"rendered","format":"html"}]},"excerpt":{"rendered":"<p>Gruaja indoneziane, e cila akuzohet p\u00ebr vrasjen Kim Jong-nam, gjysm\u00eb-v\u00ebllait t\u00eb liderit t\u00eb Kores\u00eb s\u00eb Veriut\u00a0Kim Jong-un, \u00ebsht\u00eb liruar, pasi akuzat ndaj saj jan\u00eb hedhur posht\u00eb. Sikurse shkruan &#8220;BBC&#8221;, Siti Aisyah, ishte akuzuar p\u00ebr vrasjen e Kimit, duke i hedhur atij n\u00eb fytyr\u00eb nj\u00eb agjent nervor, n\u00eb aeroportin e Kuala Lampurit n\u00eb vitin 2017. Ajo [&hellip;]<\/p>\n","protected":false,"gt_translate_keys":[{"key":"rendered","format":"html"}]},"author":30,"featured_media":281280,"comment_status":"open","ping_status":"open","sticky":false,"template":"","format":"standard","meta":{"footnotes":""},"categories":[6],"tags":[],"class_list":["post-281276","post","type-post","status-publish","format-standard","has-post-thumbnail","hentry","category-nderkombetare"],"gt_translate_keys":[{"key":"link","format":"url"}],"_links":{"self":[{"href":"https:\/\/www.hashtag.al\/index.php\/wp-json\/wp\/v2\/posts\/281276","targetHints":{"allow":["GET"]}}],"collection":[{"href":"https:\/\/www.hashtag.al\/index.php\/wp-json\/wp\/v2\/posts"}],"about":[{"href":"https:\/\/www.hashtag.al\/index.php\/wp-json\/wp\/v2\/types\/post"}],"author":[{"embeddable":true,"href":"https:\/\/www.hashtag.al\/index.php\/wp-json\/wp\/v2\/users\/30"}],"replies":[{"embeddable":true,"href":"https:\/\/www.hashtag.al\/index.php\/wp-json\/wp\/v2\/comments?post=281276"}],"version-history":[{"count":0,"href":"https:\/\/www.hashtag.al\/index.php\/wp-json\/wp\/v2\/posts\/281276\/revisions"}],"wp:featuredmedia":[{"embeddable":true,"href":"https:\/\/www.hashtag.al\/index.php\/wp-json\/wp\/v2\/media\/281280"}],"wp:attachment":[{"href":"https:\/\/www.hashtag.al\/index.php\/wp-json\/wp\/v2\/media?parent=281276"}],"wp:term":[{"taxonomy":"category","embeddable":true,"href":"https:\/\/www.hashtag.al\/index.php\/wp-json\/wp\/v2\/categories?post=281276"},{"taxonomy":"post_tag","embeddable":true,"href":"https:\/\/www.hashtag.al\/index.php\/wp-json\/wp\/v2\/tags?post=281276"}],"curies":[{"name":"wp","href":"https:\/\/api.w.org\/{rel}","templated":true}]}}