{"id":281231,"date":"2019-03-10T20:10:07","date_gmt":"2019-03-10T19:10:07","guid":{"rendered":"https:\/\/hashtag.al\/?p=281231"},"modified":"2019-03-10T20:07:12","modified_gmt":"2019-03-10T19:07:12","slug":"ekzekutimi-i-ish-policit-bilali-krijohet-identikiti-i-vrasesve","status":"publish","type":"post","link":"https:\/\/www.hashtag.al\/index.php\/2019\/03\/10\/ekzekutimi-i-ish-policit-bilali-krijohet-identikiti-i-vrasesve\/","title":{"rendered":"Ekzekutimi i ish-policit Bilali, krijohet identikiti i vras\u00ebsve","gt_translate_keys":[{"key":"rendered","format":"text"}]},"content":{"rendered":"<p><img loading=\"lazy\" decoding=\"async\" class=\"aligncenter size-full wp-image-281232\" src=\"https:\/\/hashtag.al\/wp-content\/uploads\/2019\/03\/arben-bilali.jpg\" alt=\"\" width=\"840\" height=\"460\" srcset=\"https:\/\/www.hashtag.al\/wp-content\/uploads\/2019\/03\/arben-bilali.jpg 840w, https:\/\/www.hashtag.al\/wp-content\/uploads\/2019\/03\/arben-bilali-300x164.jpg 300w, https:\/\/www.hashtag.al\/wp-content\/uploads\/2019\/03\/arben-bilali-768x421.jpg 768w\" sizes=\"auto, (max-width: 840px) 100vw, 840px\" \/><\/p>\n<p><span style=\"color: #000000;\">Grupi hetimor q\u00eb po heton ekzekutimin mafioz t\u00eb ish-policit Arben Bilali n\u00eb 30 Janar n\u00eb Tiran\u00eb ka krijuar identikitin e dy personave q\u00eb mor\u00ebn pjes\u00eb n\u00eb atentat.<\/span><\/p>\n<p><span style=\"color: #000000;\">Nga gjurm\u00ebt e ADN-s\u00eb dhe t\u00eb gishtave t\u00eb gjetura n\u00eb makin\u00ebn q\u00eb u p\u00ebrdor n\u00eb vrasjen e 50-vjecarit jan\u00eb p\u00ebrfituar dy profile gjenenetike. Profilet jan\u00eb krahasuar dhe jan\u00eb t\u00eb identifikuar si persona me precedent\u00eb penal\u00eb, t\u00eb dyshuar si vras\u00ebs me pagese. Gjat\u00eb k\u00ebsaj kohe hetuesit kan\u00eb k\u00ebqyrur disa kamera sigurie n\u00eb zon\u00ebn ku ka l\u00ebvizur m\u00eb tep\u00ebr viktima disa dit\u00eb para vrasjes.<\/span><\/p>\n<p><span style=\"color: #000000;\">N\u00eb k\u00ebto pamje \u00ebsht\u00eb mundur t\u00eb fiksohet nj\u00eb makin\u00eb, e cila ka ndjekur gjat\u00eb gjith\u00eb koh\u00ebs Bilalin. P\u00ebrve\u00e7 kamerave ky automjet \u00ebsht\u00eb fiksuar edhe nga miqt\u00eb e viktim\u00ebs me t\u00eb cil\u00ebt ai shoq\u00ebrohej. Burimet i than\u00eb Tv Klan se disa numra telefoni jan\u00eb v\u00ebn\u00eb n\u00eb p\u00ebrgjim.<\/span><\/p>\n<p><span style=\"color: #000000;\">Nga ky veprim hetimor pritet t\u00eb p\u00ebrfitohen prova t\u00eb r\u00ebnd\u00ebsishme, pasi mund t\u00eb faktohet n\u00ebse mbajt\u00ebsit e tyre kan\u00eb qen\u00eb n\u00eb vendet ku ka q\u00ebndruar Arben Bilali. Oficer\u00ebt e policis\u00eb kan\u00eb ripyetur familjar\u00ebt e viktim\u00ebs, por d\u00ebshmit\u00eb nuk kan\u00eb mundur t\u00eb zbulojn\u00eb motivin e krimit.<\/span><\/p>\n<p><span style=\"color: #000000;\">Arben Bilali u ekzekutua me bresh\u00ebri kallashnikovi p\u00ebrpara banes\u00ebs s\u00eb tij. Autoret pas k\u00ebsaj braktis\u00ebn mjetin e tyre ne Sauk, n\u00eb zon\u00ebn e Mjull bathores brenda s\u00eb cil\u00ebs u gjet edhe arma q\u00eb u p\u00ebrdor. Pavar\u00ebsisht se e kishin sp\u00ebrkatur mjetin me benzin\u00eb, autor\u00ebt nuk munden t\u2019i vinin flak\u00ebn p\u00ebr shkak t\u00eb frik\u00ebs se do zbuloheshin nga policia. Ky ishte dhe gabimi i tyre pasi n\u00eb mjet lan\u00eb gjurm\u00eb t\u00eb cilat kan\u00eb b\u00ebr\u00eb q\u00eb grupi hetimor t\u00eb jet\u00eb shum\u00eb af\u00ebr zbulimit t\u00eb ekzekutuesve, por jo porosit\u00ebsit. Pista kryesore q\u00eb po ndjek prokurori n\u00eb hetimin e k\u00ebsaj \u00e7\u00ebshtje \u00ebsht\u00eb ajo e hakmarrjes. Atij m\u00eb par\u00eb i jan\u00eb vrar\u00eb edhe dy v\u00ebllez\u00ebr t\u00eb tjer\u00eb dhe motivi \u00ebsht\u00eb po i nj\u00ebjti.<\/span><\/p>\n","protected":false,"gt_translate_keys":[{"key":"rendered","format":"html"}]},"excerpt":{"rendered":"<p>Grupi hetimor q\u00eb po heton ekzekutimin mafioz t\u00eb ish-policit Arben Bilali n\u00eb 30 Janar n\u00eb Tiran\u00eb ka krijuar identikitin e dy personave q\u00eb mor\u00ebn pjes\u00eb n\u00eb atentat. Nga gjurm\u00ebt e ADN-s\u00eb dhe t\u00eb gishtave t\u00eb gjetura n\u00eb makin\u00ebn q\u00eb u p\u00ebrdor n\u00eb vrasjen e 50-vjecarit jan\u00eb p\u00ebrfituar dy profile gjenenetike. Profilet jan\u00eb krahasuar dhe jan\u00eb [&hellip;]<\/p>\n","protected":false,"gt_translate_keys":[{"key":"rendered","format":"html"}]},"author":32,"featured_media":281232,"comment_status":"open","ping_status":"open","sticky":false,"template":"","format":"standard","meta":{"footnotes":""},"categories":[65,13],"tags":[],"class_list":["post-281231","post","type-post","status-publish","format-standard","has-post-thumbnail","hentry","category-lajme","category-te-fundit"],"gt_translate_keys":[{"key":"link","format":"url"}],"_links":{"self":[{"href":"https:\/\/www.hashtag.al\/index.php\/wp-json\/wp\/v2\/posts\/281231","targetHints":{"allow":["GET"]}}],"collection":[{"href":"https:\/\/www.hashtag.al\/index.php\/wp-json\/wp\/v2\/posts"}],"about":[{"href":"https:\/\/www.hashtag.al\/index.php\/wp-json\/wp\/v2\/types\/post"}],"author":[{"embeddable":true,"href":"https:\/\/www.hashtag.al\/index.php\/wp-json\/wp\/v2\/users\/32"}],"replies":[{"embeddable":true,"href":"https:\/\/www.hashtag.al\/index.php\/wp-json\/wp\/v2\/comments?post=281231"}],"version-history":[{"count":0,"href":"https:\/\/www.hashtag.al\/index.php\/wp-json\/wp\/v2\/posts\/281231\/revisions"}],"wp:featuredmedia":[{"embeddable":true,"href":"https:\/\/www.hashtag.al\/index.php\/wp-json\/wp\/v2\/media\/281232"}],"wp:attachment":[{"href":"https:\/\/www.hashtag.al\/index.php\/wp-json\/wp\/v2\/media?parent=281231"}],"wp:term":[{"taxonomy":"category","embeddable":true,"href":"https:\/\/www.hashtag.al\/index.php\/wp-json\/wp\/v2\/categories?post=281231"},{"taxonomy":"post_tag","embeddable":true,"href":"https:\/\/www.hashtag.al\/index.php\/wp-json\/wp\/v2\/tags?post=281231"}],"curies":[{"name":"wp","href":"https:\/\/api.w.org\/{rel}","templated":true}]}}