{"id":281123,"date":"2019-03-10T11:11:06","date_gmt":"2019-03-10T10:11:06","guid":{"rendered":"https:\/\/hashtag.al\/?p=281123"},"modified":"2019-03-10T11:21:14","modified_gmt":"2019-03-10T10:21:14","slug":"po-i-vrasin-per-te-treten-here","status":"publish","type":"post","link":"https:\/\/www.hashtag.al\/index.php\/2019\/03\/10\/po-i-vrasin-per-te-treten-here\/","title":{"rendered":"Po i vrasin p\u00ebr t\u00eb tret\u00ebn her\u00eb","gt_translate_keys":[{"key":"rendered","format":"text"}]},"content":{"rendered":"<p><span style=\"color: #000000;\"><strong>Nga Alket Veliu<\/strong><img loading=\"lazy\" decoding=\"async\" class=\"alignright wp-image-281124 size-medium\" src=\"https:\/\/hashtag.al\/wp-content\/uploads\/2019\/03\/alketveliuok-e1552212559642-300x300.png\" alt=\"\" width=\"300\" height=\"300\" \/><\/span><\/p>\n<p><span style=\"color: #000000;\">Sot, im at\u00eb 79 vje\u00e7 merr n\u00eb dor\u00eb kart\u00ebn e identitetit t\u00eb rinovuar dhe konstaton gabime n\u00eb t\u00eb dh\u00ebnat e vendlindjes. <\/span><\/p>\n<p><span style=\"color: #000000;\">Deri n\u00eb k\u00ebt\u00eb mosh\u00eb vendlindja e sh\u00ebnuar n\u00eb certifikat\u00eb lindje dhe familjare, ID Card apo pasaport\u00eb ka q\u00ebn\u00eb sh\u00ebnuar: Varfanj, \u00c7am\u00ebri.<\/span><\/p>\n<p><span style=\"color: #000000;\">Sot pas mar\u00ebveshjes s\u00eb fsheht\u00eb mes qeveris\u00eb Shqiptare dhe asaj Greke im at\u00eb ka lindur n\u00eb Varfanj, Shqiperi. <\/span><\/p>\n<p><span style=\"color: #000000;\">Duke u interesuar pran\u00eb autoritetit q\u00eb l\u00ebshon kartat e identitetit lidhur me k\u00ebt\u00eb pasakt\u00ebsi n\u00eb t\u00eb dh\u00ebnat personale jepet pergjigje q\u00eb: n\u00eb plot\u00ebsimin e t\u00eb dh\u00ebnave personale dhe m\u00eb konkretisht p\u00ebr vendin e lindjes zbatohet udhezimi nr. 7733\/4 dat\u00eb 23.10.2014.<\/span><\/p>\n<p><span style=\"color: #000000;\">Lexoj me v\u00ebmendje udh\u00ebzimin dhe konstatoj q\u00eb n\u00ebse do t\u00eb zbatohej udh\u00ebzimi i m\u00ebsiperm karta e identitetit duhet te ishte nj\u00eb nga opsionet: <\/span><\/p>\n<p><span style=\"color: #000000;\">1) Varfanj, \u00c7am\u00ebri (n\u00ebse s&#8217;ka toponime t\u00eb dor\u00ebzuara ne OKB) ose,<\/span><\/p>\n<p><span style=\"color: #000000;\">2) Parapotamos, Greqi (n\u00ebse toponimet jan\u00eb t\u00eb dor\u00ebzuara n\u00eb OKB)<\/span><\/p>\n<p><span style=\"color: #000000;\">Lind pyetja: ku e gjeti gjendja civile toponimim inekzistent Varfanj, Shqip\u00ebri?<\/span><\/p>\n<p><span style=\"color: #000000;\">Pas interesimeve paraprake rezulton q\u00eb nuk kemi t\u00eb bejm\u00eb me nj\u00eb gabim teknik pasi ky problem evidentohet te t\u00eb gjith\u00eb \u00c7am\u00ebt e lindur n\u00eb \u00c7am\u00ebri para 1945.<\/span><\/p>\n<p><span style=\"color: #000000;\">Nuk ka dyshim q\u00eb gjith\u00eb shqet\u00ebsimet e \u00c7am\u00ebve lidhur me mar\u00ebveshjen e fsheht\u00eb mes dy vendeve nuk ishin rrufe ne qiell t\u00eb hapur por ishim ne q\u00eb kuptuam qart\u00eb se \u00e7far\u00eb \u00e7orbe po gatuhej n\u00eb at\u00eb kazan anti-Shqiptar t\u00eb quajtur mar\u00ebveshje.<\/span><\/p>\n<p><span style=\"color: #000000;\">Ideatori i k\u00ebsaj rrumpallnaje ka nj\u00eb em\u00ebr dhe ai \u00ebsht\u00eb Edi Rama.<\/span><\/p>\n<p><span style=\"color: #000000;\">\u00cbsht\u00eb ky njeri i cili pasi d\u00ebboi nga vendi me politikat e veta qeveris\u00ebse m\u00eb shum\u00eb 400.000 Shqiptar\u00eb (shumica te rinj).<\/span><\/p>\n<p><span style=\"color: #000000;\">Pasi lejoi pushtimin e jugut t\u00eb Shqip\u00ebris\u00eb me ushtar\u00eb t\u00eb vdekur imagjinar\u00eb apo me varre bosh.<\/span><\/p>\n<p><span style=\"color: #000000;\">Pasi n\u00ebn petkun e \u201cnacionalistit\u201d k\u00ebrkon t\u00eb coptoj\u00eb Kosov\u00ebn apo dhe t\u00eb zhduk termin \u00c7am\u00ebri nga dokumente shtet\u00ebrore dhe tekste shkollore.<\/span><\/p>\n<p><span style=\"color: #000000;\">Sot, k\u00ebtij anti-shqiptari nuk i ka mbetur gj\u00eb tjet\u00ebr ve\u00e7se te jet\u00eb bashk\u00ebautor n\u00eb krimin e nisur n\u00eb 1944 nga Zerva dhe vazhduar ne 1953 me heqjen e dhunshme t\u00eb n\u00ebnshtet\u00ebsis\u00eb nga Enver Hoxha, duke i vrar\u00eb p\u00ebr t\u00eb tret\u00ebn her\u00eb ne 2019.<\/span><\/p>\n<p><span style=\"color: #000000;\">Me tjet\u00ebrsimin e t\u00eb dh\u00ebnave identitare q\u00eb po u b\u00ebn atyre pleqve t\u00eb lindur ne \u00c7am\u00ebri q\u00eb jan\u00eb akoma gjall\u00eb, Edi Rama po ua b\u00ebn dit\u00ebt e mbetura t\u00eb jet\u00ebs akoma m\u00eb t\u00eb v\u00ebshtir\u00eb.<\/span><\/p>\n<p><span style=\"color: #000000;\">N\u00ebse k\u00ebta pleq do t\u00eb ken\u00eb procese gjyqsore n\u00eb Shqip\u00ebri apo jasht\u00eb, ndryshimi i vendlindjes p\u00ebrben problem juridik p\u00ebr ta dhe do t&#8217;u duhet nj\u00eb kalvar mundimesh p\u00ebr v\u00ebrtetuar q\u00eb jan\u00eb t\u00eb nj\u00ebjt\u00ebt persona, n\u00ebse Zoti do t&#8217;u jap\u00eb aq dit\u00eb jet\u00eb.<\/span><\/p>\n<p><span style=\"color: #000000;\">Me tjet\u00ebrsimin e q\u00ebllimsh\u00ebm t\u00eb t\u00eb dh\u00ebnave Edi Rama varrosi p\u00ebrfundimisht \u00ebndrr\u00ebn e k\u00ebtyre pleqve p\u00ebr t\u00eb par\u00eb edhe nj\u00eb her\u00eb tok\u00ebn ku lind\u00ebn duke u renditur n\u00eb nj\u00eb nd\u00ebr shqipfol\u00ebsit m\u00eb anti-shqiptar t\u00eb t\u00eb gjitha koh\u00ebve.<\/span><\/p>\n<p><span style=\"color: #000000;\">Bashk\u00ebngjitur: pasaporta dhe Karta e identitetit me vendlindje t\u00eb ndryshme, Udhezimi Nr. 7733\/4.<\/span><\/p>\n<p><img loading=\"lazy\" decoding=\"async\" class=\"aligncenter size-full wp-image-281125\" src=\"https:\/\/hashtag.al\/wp-content\/uploads\/2019\/03\/alketveliu.jpg\" alt=\"\" width=\"960\" height=\"698\" srcset=\"https:\/\/www.hashtag.al\/wp-content\/uploads\/2019\/03\/alketveliu.jpg 960w, https:\/\/www.hashtag.al\/wp-content\/uploads\/2019\/03\/alketveliu-300x218.jpg 300w, https:\/\/www.hashtag.al\/wp-content\/uploads\/2019\/03\/alketveliu-768x558.jpg 768w\" sizes=\"auto, (max-width: 960px) 100vw, 960px\" \/> <img loading=\"lazy\" decoding=\"async\" class=\"aligncenter size-full wp-image-281126\" src=\"https:\/\/hashtag.al\/wp-content\/uploads\/2019\/03\/alketveliu2.jpg\" alt=\"\" width=\"960\" height=\"581\" srcset=\"https:\/\/www.hashtag.al\/wp-content\/uploads\/2019\/03\/alketveliu2.jpg 960w, https:\/\/www.hashtag.al\/wp-content\/uploads\/2019\/03\/alketveliu2-300x182.jpg 300w, https:\/\/www.hashtag.al\/wp-content\/uploads\/2019\/03\/alketveliu2-768x465.jpg 768w\" sizes=\"auto, (max-width: 960px) 100vw, 960px\" \/><\/p>\n<p><img loading=\"lazy\" decoding=\"async\" class=\"aligncenter size-full wp-image-281130\" src=\"https:\/\/hashtag.al\/wp-content\/uploads\/2019\/03\/alketveliu3.jpg\" alt=\"\" width=\"713\" height=\"960\" srcset=\"https:\/\/www.hashtag.al\/wp-content\/uploads\/2019\/03\/alketveliu3.jpg 713w, https:\/\/www.hashtag.al\/wp-content\/uploads\/2019\/03\/alketveliu3-223x300.jpg 223w\" sizes=\"auto, (max-width: 713px) 100vw, 713px\" \/><\/p>\n<p><span style=\"color: #000000;\">\u00a0<\/span><\/p>\n","protected":false,"gt_translate_keys":[{"key":"rendered","format":"html"}]},"excerpt":{"rendered":"<p>Nga Alket Veliu Sot, im at\u00eb 79 vje\u00e7 merr n\u00eb dor\u00eb kart\u00ebn e identitetit t\u00eb rinovuar dhe konstaton gabime n\u00eb t\u00eb dh\u00ebnat e vendlindjes. Deri n\u00eb k\u00ebt\u00eb mosh\u00eb vendlindja e sh\u00ebnuar n\u00eb certifikat\u00eb lindje dhe familjare, ID Card apo pasaport\u00eb ka q\u00ebn\u00eb sh\u00ebnuar: Varfanj, \u00c7am\u00ebri. Sot pas mar\u00ebveshjes s\u00eb fsheht\u00eb mes qeveris\u00eb Shqiptare dhe asaj [&hellip;]<\/p>\n","protected":false,"gt_translate_keys":[{"key":"rendered","format":"html"}]},"author":6,"featured_media":281128,"comment_status":"open","ping_status":"open","sticky":false,"template":"","format":"standard","meta":{"footnotes":""},"categories":[23,65,13],"tags":[],"class_list":["post-281123","post","type-post","status-publish","format-standard","has-post-thumbnail","hentry","category-editorial","category-lajme","category-te-fundit"],"gt_translate_keys":[{"key":"link","format":"url"}],"_links":{"self":[{"href":"https:\/\/www.hashtag.al\/index.php\/wp-json\/wp\/v2\/posts\/281123","targetHints":{"allow":["GET"]}}],"collection":[{"href":"https:\/\/www.hashtag.al\/index.php\/wp-json\/wp\/v2\/posts"}],"about":[{"href":"https:\/\/www.hashtag.al\/index.php\/wp-json\/wp\/v2\/types\/post"}],"author":[{"embeddable":true,"href":"https:\/\/www.hashtag.al\/index.php\/wp-json\/wp\/v2\/users\/6"}],"replies":[{"embeddable":true,"href":"https:\/\/www.hashtag.al\/index.php\/wp-json\/wp\/v2\/comments?post=281123"}],"version-history":[{"count":0,"href":"https:\/\/www.hashtag.al\/index.php\/wp-json\/wp\/v2\/posts\/281123\/revisions"}],"wp:featuredmedia":[{"embeddable":true,"href":"https:\/\/www.hashtag.al\/index.php\/wp-json\/wp\/v2\/media\/281128"}],"wp:attachment":[{"href":"https:\/\/www.hashtag.al\/index.php\/wp-json\/wp\/v2\/media?parent=281123"}],"wp:term":[{"taxonomy":"category","embeddable":true,"href":"https:\/\/www.hashtag.al\/index.php\/wp-json\/wp\/v2\/categories?post=281123"},{"taxonomy":"post_tag","embeddable":true,"href":"https:\/\/www.hashtag.al\/index.php\/wp-json\/wp\/v2\/tags?post=281123"}],"curies":[{"name":"wp","href":"https:\/\/api.w.org\/{rel}","templated":true}]}}