{"id":280397,"date":"2019-03-07T10:13:11","date_gmt":"2019-03-07T09:13:11","guid":{"rendered":"https:\/\/hashtag.al\/?p=280397"},"modified":"2019-03-07T10:14:07","modified_gmt":"2019-03-07T09:14:07","slug":"shefi-i-zgjerimit-te-be-se-vjen-ne-tirane-takime-me-ramen-e-bashen","status":"publish","type":"post","link":"https:\/\/www.hashtag.al\/index.php\/2019\/03\/07\/shefi-i-zgjerimit-te-be-se-vjen-ne-tirane-takime-me-ramen-e-bashen\/","title":{"rendered":"Shefi i zgjerimit t\u00eb BE-s\u00eb vjen n\u00eb Tiran\u00eb, takime me Ram\u00ebn e Bash\u00ebn","gt_translate_keys":[{"key":"rendered","format":"text"}]},"content":{"rendered":"<p><span style=\"color: #000000;\"><img loading=\"lazy\" decoding=\"async\" class=\"aligncenter size-full wp-image-280399\" src=\"https:\/\/hashtag.al\/wp-content\/uploads\/2019\/03\/danielsson-1-e1551949947861.jpg\" alt=\"\" width=\"1280\" height=\"779\" srcset=\"https:\/\/www.hashtag.al\/wp-content\/uploads\/2019\/03\/danielsson-1-e1551949947861.jpg 1280w, https:\/\/www.hashtag.al\/wp-content\/uploads\/2019\/03\/danielsson-1-e1551949947861-300x183.jpg 300w, https:\/\/www.hashtag.al\/wp-content\/uploads\/2019\/03\/danielsson-1-e1551949947861-768x467.jpg 768w, https:\/\/www.hashtag.al\/wp-content\/uploads\/2019\/03\/danielsson-1-e1551949947861-1024x623.jpg 1024w\" sizes=\"auto, (max-width: 1280px) 100vw, 1280px\" \/><\/span><\/p>\n<p><span style=\"color: #000000;\">Drejtori i P\u00ebrgjithsh\u00ebm p\u00ebr Fqinj\u00ebsi dhe Zgjerim n\u00eb Bashkimin Evropian, Christian Danielsson, ndodhet n\u00eb Tiran\u00eb ku pritet t\u00eb takohet me kryeministrin Edi Rama dhe kreun e opozit\u00ebs Lulzim Basha lidhur me zhvillimet e fundit politike n\u00eb vend.<\/span><\/p>\n<p><span style=\"color: #000000;\">P\u00ebrmes nj\u00eb postimi n\u00eb &#8220;Twitter&#8221;, Danielsson ka zbuluar se \u00ebsht\u00eb takuar me an\u00ebtar\u00ebt e K\u00ebshillit t\u00eb Em\u00ebrimeve n\u00eb Drejt\u00ebsi.<\/span><\/p>\n<p><span style=\"color: #000000;\"><em>&#8220;Sa mir\u00eb kur kthehesh n\u00eb Tiran\u00eb. U takova me an\u00ebtar\u00ebt e K\u00ebshillit t\u00eb Em\u00ebrimit t\u00eb Justifikimit. P\u00ebrs\u00ebris mb\u00ebshtetjen e BE-s\u00eb p\u00ebr pun\u00ebn e tyre t\u00eb pavarur dhe t\u00eb paanshme. Implementimi i reform\u00ebs s\u00eb drejt\u00ebsis\u00eb dometh\u00ebn\u00eb t\u00eb ecim p\u00ebrpara. Ky\u00e7e p\u00ebr zbatimin e ligjit n\u00eb Shqip\u00ebri dhe p\u00ebr progresin e vendit drejt BE-s\u00eb.&#8221;,<\/em> shkruan Danielsson.<\/span><\/p>\n<p><img loading=\"lazy\" decoding=\"async\" class=\"aligncenter size-full wp-image-280398\" src=\"https:\/\/hashtag.al\/wp-content\/uploads\/2019\/03\/danielsson.jpg\" alt=\"\" width=\"840\" height=\"842\" srcset=\"https:\/\/www.hashtag.al\/wp-content\/uploads\/2019\/03\/danielsson.jpg 840w, https:\/\/www.hashtag.al\/wp-content\/uploads\/2019\/03\/danielsson-150x150.jpg 150w, https:\/\/www.hashtag.al\/wp-content\/uploads\/2019\/03\/danielsson-300x300.jpg 300w, https:\/\/www.hashtag.al\/wp-content\/uploads\/2019\/03\/danielsson-768x770.jpg 768w, https:\/\/www.hashtag.al\/wp-content\/uploads\/2019\/03\/danielsson-120x120.jpg 120w\" sizes=\"auto, (max-width: 840px) 100vw, 840px\" \/><\/p>\n<p><span style=\"color: #000000;\">Pas pak Danielsson do t\u00eb takoj\u00eb shefin e qeveris\u00eb, Edi Ram\u00ebn, nd\u00ebrsa pas or\u00ebs 10:00 do t\u00eb zhvilloje dhe takimin me Bash\u00ebn.<\/span><\/p>\n<p><span style=\"color: #000000;\">Rreth or\u00ebs 12:00, pas t\u00eb gjitha takimeve, Danielsson pritet t\u00eb shpreh\u00eb publikisht q\u00ebndrimin e tij lidhur me kriz\u00ebn politike n\u00eb Shqip\u00ebri.<\/span><\/p>\n","protected":false,"gt_translate_keys":[{"key":"rendered","format":"html"}]},"excerpt":{"rendered":"<p>Drejtori i P\u00ebrgjithsh\u00ebm p\u00ebr Fqinj\u00ebsi dhe Zgjerim n\u00eb Bashkimin Evropian, Christian Danielsson, ndodhet n\u00eb Tiran\u00eb ku pritet t\u00eb takohet me kryeministrin Edi Rama dhe kreun e opozit\u00ebs Lulzim Basha lidhur me zhvillimet e fundit politike n\u00eb vend. P\u00ebrmes nj\u00eb postimi n\u00eb &#8220;Twitter&#8221;, Danielsson ka zbuluar se \u00ebsht\u00eb takuar me an\u00ebtar\u00ebt e K\u00ebshillit t\u00eb Em\u00ebrimeve n\u00eb [&hellip;]<\/p>\n","protected":false,"gt_translate_keys":[{"key":"rendered","format":"html"}]},"author":30,"featured_media":280399,"comment_status":"open","ping_status":"open","sticky":false,"template":"","format":"standard","meta":{"footnotes":""},"categories":[65,13],"tags":[],"class_list":["post-280397","post","type-post","status-publish","format-standard","has-post-thumbnail","hentry","category-lajme","category-te-fundit"],"gt_translate_keys":[{"key":"link","format":"url"}],"_links":{"self":[{"href":"https:\/\/www.hashtag.al\/index.php\/wp-json\/wp\/v2\/posts\/280397","targetHints":{"allow":["GET"]}}],"collection":[{"href":"https:\/\/www.hashtag.al\/index.php\/wp-json\/wp\/v2\/posts"}],"about":[{"href":"https:\/\/www.hashtag.al\/index.php\/wp-json\/wp\/v2\/types\/post"}],"author":[{"embeddable":true,"href":"https:\/\/www.hashtag.al\/index.php\/wp-json\/wp\/v2\/users\/30"}],"replies":[{"embeddable":true,"href":"https:\/\/www.hashtag.al\/index.php\/wp-json\/wp\/v2\/comments?post=280397"}],"version-history":[{"count":0,"href":"https:\/\/www.hashtag.al\/index.php\/wp-json\/wp\/v2\/posts\/280397\/revisions"}],"wp:featuredmedia":[{"embeddable":true,"href":"https:\/\/www.hashtag.al\/index.php\/wp-json\/wp\/v2\/media\/280399"}],"wp:attachment":[{"href":"https:\/\/www.hashtag.al\/index.php\/wp-json\/wp\/v2\/media?parent=280397"}],"wp:term":[{"taxonomy":"category","embeddable":true,"href":"https:\/\/www.hashtag.al\/index.php\/wp-json\/wp\/v2\/categories?post=280397"},{"taxonomy":"post_tag","embeddable":true,"href":"https:\/\/www.hashtag.al\/index.php\/wp-json\/wp\/v2\/tags?post=280397"}],"curies":[{"name":"wp","href":"https:\/\/api.w.org\/{rel}","templated":true}]}}