{"id":280341,"date":"2019-03-07T07:57:40","date_gmt":"2019-03-07T06:57:40","guid":{"rendered":"https:\/\/hashtag.al\/?p=280341"},"modified":"2019-03-07T09:04:36","modified_gmt":"2019-03-07T08:04:36","slug":"fatos-lubonja-shfaqja-me-ramen-turpi-i-bruno-vespes","status":"publish","type":"post","link":"https:\/\/www.hashtag.al\/index.php\/2019\/03\/07\/fatos-lubonja-shfaqja-me-ramen-turpi-i-bruno-vespes\/","title":{"rendered":"Fatos Lubonja: Shfaqja me Ram\u00ebn, turpi i Bruno Vesp\u00ebs!","gt_translate_keys":[{"key":"rendered","format":"text"}]},"content":{"rendered":"<p><span style=\"color: #000000;\"><img loading=\"lazy\" decoding=\"async\" class=\"aligncenter size-full wp-image-280370\" src=\"https:\/\/hashtag.al\/wp-content\/uploads\/2019\/03\/Fatos-Lubonja.jpg\" alt=\"\" width=\"685\" height=\"433\" srcset=\"https:\/\/www.hashtag.al\/wp-content\/uploads\/2019\/03\/Fatos-Lubonja.jpg 685w, https:\/\/www.hashtag.al\/wp-content\/uploads\/2019\/03\/Fatos-Lubonja-300x190.jpg 300w\" sizes=\"auto, (max-width: 685px) 100vw, 685px\" \/><\/span><\/p>\n<p><span style=\"color: #000000;\">Analisti Fatos Lubonja e ka konsideruar shfaqjen e Ram\u00ebs n\u00eb emisionin &#8220;Porta a Porta&#8221;, si turpin e turpit t\u00eb gazetarit italian Bruno Vespa.<\/span><\/p>\n<p><span style=\"color: #000000;\"><em>\u201cVespa nuk njihet n\u00eb Itali si ata q\u00eb thon\u00eb t\u00eb v\u00ebrtet\u00ebn, por si sh\u00ebrb\u00ebtor i regjimit t\u00eb Berluskonit. Sado q\u00eb e kam ndjekur prej koh\u00ebsh Italin\u00eb edhe Vesp\u00ebn ajo q\u00eb pash\u00eb dje i kalonte caqet e imagjinat\u00ebs sime. Edhe n\u00eb Shqip\u00ebri edhe gazetar\u00ebt me sh\u00ebrb\u00ebtor\u00eb b\u00ebjn\u00eb kujdes t\u00eb ftojn\u00eb n\u00eb studio jo vet\u00ebm njer\u00ebz q\u00eb mb\u00ebshtesin nj\u00ebr\u00ebn pal\u00eb, por edhe pal\u00ebn e kund\u00ebrt, nd\u00ebrkoh\u00eb q\u00eb ai kishte ftuar Ram\u00ebn dhe tre personazhe, ku nj\u00ebri ishte gazetari i Liberos q\u00eb s\u2019dinte asgj\u00eb nga Shqip\u00ebria, i dyti Igli Tare q\u00eb \u00ebsht\u00eb futbollist dhe s\u2019ka jetuar fare n\u00eb Shqip\u00ebri, aq m\u00eb tep\u00ebr q\u00eb njihet si njeri i af\u00ebrt me Ram\u00ebn dhe i treti nj\u00eb sip\u00ebrmarr\u00ebs edhe ai i panjohur. Mua m\u00eb b\u00ebri p\u00ebrshtypje q\u00eb mungonte publiku shqiptar, mungonte nj\u00eb intervist\u00eb me njer\u00ebzit, nj\u00eb z\u00eb i paansh\u00ebm, s\u2019po them politik por mungonte gjith\u00e7ka. Ishte qartazi nj\u00eb gj\u00eb si mund ta thuash: e bler\u00eb! Ndoshta jo me lek\u00eb por me influenca. Ishte turpi i turpit t\u00eb Bruno Vesp\u00ebs, ndaj besoj edhe e kishte futur n\u00eb pjes\u00ebn e fundit. Kryeministri i nj\u00eb vendi n\u00eb vend q\u00eb t\u00eb ket\u00eb 15 minuta n\u00eb or\u00ebn kryesore, futet atje n\u00eb fund pas debateve t\u00eb r\u00ebndomta t\u00eb dit\u00ebs, kjo ishte e neveritshme. N\u00ebse duan t\u00eb m\u00ebsojn\u00eb \u00e7\u2019ndodh k\u00ebtu le t\u00eb vijn\u00eb gazetar\u00ebt italian\u00eb, por jo t\u00eb niset kryeministri nga Shqip\u00ebria p\u00ebr t\u00eb sqaruar \u00e7far\u00eb ndodh k\u00ebtu dhe p\u00ebr t\u00eb rregulluar imazhin e Shqip\u00ebris\u00eb\u201d,<\/em>&#8211; tha Lubonja.<\/span><\/p>\n<p><span style=\"color: #000000;\">Analisti ka komentuar dhe deklaratat e tenorit Saimir Pirgu, q\u00eb protestat e opozit\u00ebs kan\u00eb prishur imazhin e Shqip\u00ebris\u00eb. Sipas Lubonj\u00ebs, deklaratat e tij jan\u00eb fyerje p\u00ebr inteligjenc\u00ebn e njeriut.<\/span><\/p>\n<p><span style=\"color: #000000;\"><em>&#8220;K\u00ebta jan\u00eb fyerje p\u00ebr inteligjenc\u00ebn e \u00e7do njeriu e jo vet\u00ebm shqiptar\u00ebve. Sepse ne e kemi par\u00eb \u00e7far\u00eb ndodh n\u00eb Greqi ku jo nj\u00eb gom\u00eb, por jan\u00eb djegur pafund atje dhe nuk ka dal\u00eb ndonj\u00eb figur\u00eb artistike greke q\u00eb t\u00eb thot\u00eb se &#8216;shikoni si na u prish imazhi i Greqis\u00eb&#8217;, p\u00ebrkundrazi kan\u00eb qen\u00eb n\u00eb an\u00ebn e protestuesve. Por k\u00ebta jan\u00eb disa pala\u00e7o q\u00eb kaq meritojn\u00eb t&#8217;ua thuash&#8221;,<\/em> tha Lubonja n\u00eb nj\u00eb lidhje me &#8220;skype&#8221; me &#8220;News 24&#8221;.<\/span><\/p>\n<p><span style=\"color: #000000;\">Saimir Pirgu tha para pak dit\u00ebsh q\u00eb i <em>&#8220;duhen 200 koncerte p\u00ebr t\u00eb pastruar imazhin e Shqip\u00ebris\u00eb jasht\u00eb vendit&#8221;. <\/em>Deklarat\u00eb kjo q\u00eb shkaktoi debat n\u00eb opinionin publik.<\/span><\/p>\n","protected":false,"gt_translate_keys":[{"key":"rendered","format":"html"}]},"excerpt":{"rendered":"<p>Analisti Fatos Lubonja e ka konsideruar shfaqjen e Ram\u00ebs n\u00eb emisionin &#8220;Porta a Porta&#8221;, si turpin e turpit t\u00eb gazetarit italian Bruno Vespa. \u201cVespa nuk njihet n\u00eb Itali si ata q\u00eb thon\u00eb t\u00eb v\u00ebrtet\u00ebn, por si sh\u00ebrb\u00ebtor i regjimit t\u00eb Berluskonit. Sado q\u00eb e kam ndjekur prej koh\u00ebsh Italin\u00eb edhe Vesp\u00ebn ajo q\u00eb pash\u00eb dje [&hellip;]<\/p>\n","protected":false,"gt_translate_keys":[{"key":"rendered","format":"html"}]},"author":30,"featured_media":280370,"comment_status":"open","ping_status":"open","sticky":false,"template":"","format":"standard","meta":{"footnotes":""},"categories":[65,13],"tags":[],"class_list":["post-280341","post","type-post","status-publish","format-standard","has-post-thumbnail","hentry","category-lajme","category-te-fundit"],"gt_translate_keys":[{"key":"link","format":"url"}],"_links":{"self":[{"href":"https:\/\/www.hashtag.al\/index.php\/wp-json\/wp\/v2\/posts\/280341","targetHints":{"allow":["GET"]}}],"collection":[{"href":"https:\/\/www.hashtag.al\/index.php\/wp-json\/wp\/v2\/posts"}],"about":[{"href":"https:\/\/www.hashtag.al\/index.php\/wp-json\/wp\/v2\/types\/post"}],"author":[{"embeddable":true,"href":"https:\/\/www.hashtag.al\/index.php\/wp-json\/wp\/v2\/users\/30"}],"replies":[{"embeddable":true,"href":"https:\/\/www.hashtag.al\/index.php\/wp-json\/wp\/v2\/comments?post=280341"}],"version-history":[{"count":0,"href":"https:\/\/www.hashtag.al\/index.php\/wp-json\/wp\/v2\/posts\/280341\/revisions"}],"wp:featuredmedia":[{"embeddable":true,"href":"https:\/\/www.hashtag.al\/index.php\/wp-json\/wp\/v2\/media\/280370"}],"wp:attachment":[{"href":"https:\/\/www.hashtag.al\/index.php\/wp-json\/wp\/v2\/media?parent=280341"}],"wp:term":[{"taxonomy":"category","embeddable":true,"href":"https:\/\/www.hashtag.al\/index.php\/wp-json\/wp\/v2\/categories?post=280341"},{"taxonomy":"post_tag","embeddable":true,"href":"https:\/\/www.hashtag.al\/index.php\/wp-json\/wp\/v2\/tags?post=280341"}],"curies":[{"name":"wp","href":"https:\/\/api.w.org\/{rel}","templated":true}]}}