{"id":280300,"date":"2019-03-06T21:35:34","date_gmt":"2019-03-06T20:35:34","guid":{"rendered":"https:\/\/hashtag.al\/?p=280300"},"modified":"2019-03-06T21:32:58","modified_gmt":"2019-03-06T20:32:58","slug":"rama-rikthehet-nga-italia-24-ore-ne-rome-per-te-pastruar-balten","status":"publish","type":"post","link":"https:\/\/www.hashtag.al\/index.php\/2019\/03\/06\/rama-rikthehet-nga-italia-24-ore-ne-rome-per-te-pastruar-balten\/","title":{"rendered":"Rama rikthehet nga Italia: 24 or\u00eb n\u00eb Rom\u00eb p\u00ebr t\u00eb pastruar balt\u00ebn","gt_translate_keys":[{"key":"rendered","format":"text"}]},"content":{"rendered":"<p><img loading=\"lazy\" decoding=\"async\" class=\"aligncenter size-full wp-image-280111\" src=\"https:\/\/hashtag.al\/wp-content\/uploads\/2019\/03\/edi-ramaaa.jpg\" alt=\"\" width=\"1271\" height=\"772\" srcset=\"https:\/\/www.hashtag.al\/wp-content\/uploads\/2019\/03\/edi-ramaaa.jpg 1271w, https:\/\/www.hashtag.al\/wp-content\/uploads\/2019\/03\/edi-ramaaa-300x182.jpg 300w, https:\/\/www.hashtag.al\/wp-content\/uploads\/2019\/03\/edi-ramaaa-768x466.jpg 768w, https:\/\/www.hashtag.al\/wp-content\/uploads\/2019\/03\/edi-ramaaa-1024x622.jpg 1024w\" sizes=\"auto, (max-width: 1271px) 100vw, 1271px\" \/><\/p>\n<p><span style=\"color: #000000;\">Kryeministri Edi Rama e ka p\u00ebrfunduar vizit\u00ebn e tij n\u00eb Itali, k\u00ebt\u00eb her\u00eb nuk ishte nj\u00eb vizit\u00eb nga ato t\u00eb zakonshmet p\u00ebr pun\u00eb dhe takime zyrtare por p\u00ebr t\u00eb dh\u00ebn\u00eb intervista n\u00eb mediat italiane.<\/span><\/p>\n<p><span style=\"color: #000000;\">\u201c<em>P\u00ebr Tiran\u00eb pas 24h n\u00eb Rom\u00eb, tv m\u00eb tv e gazet\u00eb m\u00eb gazet\u00eb, p\u00ebr t\u00eb pastruar sa mundej balt\u00ebn e ziftin q\u00eb lidershipi qorr i opozit\u00ebs son\u00eb, i hodhi nd\u00ebrkomb\u00ebtarisht Shqip\u00ebris\u00eb! Ata nxisin dhun\u00eb p\u00ebr hesapin e tyre krejt vetjak, po fatur\u00ebn e paguan vendi dhe ekonomia<\/em>\u201d-shkruan Rama n\u00eb Twitter.<\/span><\/p>\n<p><span style=\"color: #000000;\">Dit\u00ebt e fundit mediat nd\u00ebrkomb\u00ebtare dhe n\u00eb ve\u00e7anti ato italiane e kan\u00eb pasqyruar shpesh situat\u00ebn n\u00eb Shqip\u00ebri, ku protestat nuk jan\u00eb ndaluar.<\/span><\/p>\n<p>&nbsp;<\/p>\n","protected":false,"gt_translate_keys":[{"key":"rendered","format":"html"}]},"excerpt":{"rendered":"<p>Kryeministri Edi Rama e ka p\u00ebrfunduar vizit\u00ebn e tij n\u00eb Itali, k\u00ebt\u00eb her\u00eb nuk ishte nj\u00eb vizit\u00eb nga ato t\u00eb zakonshmet p\u00ebr pun\u00eb dhe takime zyrtare por p\u00ebr t\u00eb dh\u00ebn\u00eb intervista n\u00eb mediat italiane. \u201cP\u00ebr Tiran\u00eb pas 24h n\u00eb Rom\u00eb, tv m\u00eb tv e gazet\u00eb m\u00eb gazet\u00eb, p\u00ebr t\u00eb pastruar sa mundej balt\u00ebn e ziftin [&hellip;]<\/p>\n","protected":false,"gt_translate_keys":[{"key":"rendered","format":"html"}]},"author":32,"featured_media":280111,"comment_status":"open","ping_status":"open","sticky":false,"template":"","format":"standard","meta":{"footnotes":""},"categories":[65,13],"tags":[],"class_list":["post-280300","post","type-post","status-publish","format-standard","has-post-thumbnail","hentry","category-lajme","category-te-fundit"],"gt_translate_keys":[{"key":"link","format":"url"}],"_links":{"self":[{"href":"https:\/\/www.hashtag.al\/index.php\/wp-json\/wp\/v2\/posts\/280300","targetHints":{"allow":["GET"]}}],"collection":[{"href":"https:\/\/www.hashtag.al\/index.php\/wp-json\/wp\/v2\/posts"}],"about":[{"href":"https:\/\/www.hashtag.al\/index.php\/wp-json\/wp\/v2\/types\/post"}],"author":[{"embeddable":true,"href":"https:\/\/www.hashtag.al\/index.php\/wp-json\/wp\/v2\/users\/32"}],"replies":[{"embeddable":true,"href":"https:\/\/www.hashtag.al\/index.php\/wp-json\/wp\/v2\/comments?post=280300"}],"version-history":[{"count":0,"href":"https:\/\/www.hashtag.al\/index.php\/wp-json\/wp\/v2\/posts\/280300\/revisions"}],"wp:featuredmedia":[{"embeddable":true,"href":"https:\/\/www.hashtag.al\/index.php\/wp-json\/wp\/v2\/media\/280111"}],"wp:attachment":[{"href":"https:\/\/www.hashtag.al\/index.php\/wp-json\/wp\/v2\/media?parent=280300"}],"wp:term":[{"taxonomy":"category","embeddable":true,"href":"https:\/\/www.hashtag.al\/index.php\/wp-json\/wp\/v2\/categories?post=280300"},{"taxonomy":"post_tag","embeddable":true,"href":"https:\/\/www.hashtag.al\/index.php\/wp-json\/wp\/v2\/tags?post=280300"}],"curies":[{"name":"wp","href":"https:\/\/api.w.org\/{rel}","templated":true}]}}