{"id":280298,"date":"2019-03-06T21:20:38","date_gmt":"2019-03-06T20:20:38","guid":{"rendered":"https:\/\/hashtag.al\/?p=280298"},"modified":"2019-03-06T21:20:38","modified_gmt":"2019-03-06T20:20:38","slug":"venezuela-kunderpergjigjet-debon-ambasadorin-gjerman","status":"publish","type":"post","link":"https:\/\/www.hashtag.al\/index.php\/2019\/03\/06\/venezuela-kunderpergjigjet-debon-ambasadorin-gjerman\/","title":{"rendered":"Venezuela kund\u00ebrp\u00ebrgjigjet, d\u00ebbon ambasadorin Gjerman","gt_translate_keys":[{"key":"rendered","format":"text"}]},"content":{"rendered":"<p><img loading=\"lazy\" decoding=\"async\" class=\"aligncenter size-full wp-image-271040\" src=\"https:\/\/hashtag.al\/wp-content\/uploads\/2019\/02\/Maduro.jpg\" alt=\"\" width=\"980\" height=\"551\" srcset=\"https:\/\/www.hashtag.al\/wp-content\/uploads\/2019\/02\/Maduro.jpg 980w, https:\/\/www.hashtag.al\/wp-content\/uploads\/2019\/02\/Maduro-300x169.jpg 300w, https:\/\/www.hashtag.al\/wp-content\/uploads\/2019\/02\/Maduro-768x432.jpg 768w\" sizes=\"auto, (max-width: 980px) 100vw, 980px\" \/><\/p>\n<p>Qeveria e Venezuel\u00ebs ka njoftuar se do t\u00eb d\u00ebboj\u00eb ambasadorin gjerman, Danilo Martin Criner, \u00a0pasi sipas saj, ky i fundit ka nd\u00ebrhyr\u00eb n\u00eb pun\u00ebt e brendshme\u00a0 t\u00eb vendit. Sipas\u00a0 agjencis\u00eb s\u00eb lajmeve \u2018Reuters\u2019, ambasadorit t\u00eb Gjermanis\u00eb i \u00ebsht\u00eb l\u00ebn\u00eb afat 48 or\u00eb p\u00ebr t\u00eb l\u00ebn\u00eb Venezuel\u00ebn.<\/p>\n<p>\u201cVenezuela vler\u00ebson se \u00ebsht\u00eb e papranueshme q\u00eb nj\u00eb diplomat i huaj t\u00eb kryej\u00eb rol publik t\u00eb af\u00ebrt me at\u00eb t\u00eb liderit politik, t\u00eb harmonizuar me agjend\u00eb konspirative t\u00eb sektor\u00ebve ekstremist\u00eb t\u00eb opozit\u00ebs n\u00eb Venezuel\u00eb\u201d, thuhet n\u00eb komunikat\u00ebn e Qeveris\u00eb.<\/p>\n<p>Ky veprim i qeveris\u00eb s\u00eb Venezuel\u00ebs ndaj Gjermanis\u00eb vjen si kund\u00ebrp\u00ebrgjigje p\u00ebr mb\u00ebshtetjen q\u00eb ka p\u00ebrcjell\u00eb ambasadori Criner p\u00ebr presidentin e vet\u00ebshpallur, Guaido.<\/p>\n","protected":false,"gt_translate_keys":[{"key":"rendered","format":"html"}]},"excerpt":{"rendered":"<p>Qeveria e Venezuel\u00ebs ka njoftuar se do t\u00eb d\u00ebboj\u00eb ambasadorin gjerman, Danilo Martin Criner, \u00a0pasi sipas saj, ky i fundit ka nd\u00ebrhyr\u00eb n\u00eb pun\u00ebt e brendshme\u00a0 t\u00eb vendit. Sipas\u00a0 agjencis\u00eb s\u00eb lajmeve \u2018Reuters\u2019, ambasadorit t\u00eb Gjermanis\u00eb i \u00ebsht\u00eb l\u00ebn\u00eb afat 48 or\u00eb p\u00ebr t\u00eb l\u00ebn\u00eb Venezuel\u00ebn. \u201cVenezuela vler\u00ebson se \u00ebsht\u00eb e papranueshme q\u00eb nj\u00eb diplomat [&hellip;]<\/p>\n","protected":false,"gt_translate_keys":[{"key":"rendered","format":"html"}]},"author":32,"featured_media":268323,"comment_status":"open","ping_status":"open","sticky":false,"template":"","format":"standard","meta":{"footnotes":""},"categories":[6,13],"tags":[],"class_list":["post-280298","post","type-post","status-publish","format-standard","has-post-thumbnail","hentry","category-nderkombetare","category-te-fundit"],"gt_translate_keys":[{"key":"link","format":"url"}],"_links":{"self":[{"href":"https:\/\/www.hashtag.al\/index.php\/wp-json\/wp\/v2\/posts\/280298","targetHints":{"allow":["GET"]}}],"collection":[{"href":"https:\/\/www.hashtag.al\/index.php\/wp-json\/wp\/v2\/posts"}],"about":[{"href":"https:\/\/www.hashtag.al\/index.php\/wp-json\/wp\/v2\/types\/post"}],"author":[{"embeddable":true,"href":"https:\/\/www.hashtag.al\/index.php\/wp-json\/wp\/v2\/users\/32"}],"replies":[{"embeddable":true,"href":"https:\/\/www.hashtag.al\/index.php\/wp-json\/wp\/v2\/comments?post=280298"}],"version-history":[{"count":0,"href":"https:\/\/www.hashtag.al\/index.php\/wp-json\/wp\/v2\/posts\/280298\/revisions"}],"wp:featuredmedia":[{"embeddable":true,"href":"https:\/\/www.hashtag.al\/index.php\/wp-json\/wp\/v2\/media\/268323"}],"wp:attachment":[{"href":"https:\/\/www.hashtag.al\/index.php\/wp-json\/wp\/v2\/media?parent=280298"}],"wp:term":[{"taxonomy":"category","embeddable":true,"href":"https:\/\/www.hashtag.al\/index.php\/wp-json\/wp\/v2\/categories?post=280298"},{"taxonomy":"post_tag","embeddable":true,"href":"https:\/\/www.hashtag.al\/index.php\/wp-json\/wp\/v2\/tags?post=280298"}],"curies":[{"name":"wp","href":"https:\/\/api.w.org\/{rel}","templated":true}]}}