{"id":280258,"date":"2019-03-06T18:01:14","date_gmt":"2019-03-06T17:01:14","guid":{"rendered":"https:\/\/hashtag.al\/?p=280258"},"modified":"2019-03-06T18:06:14","modified_gmt":"2019-03-06T17:06:14","slug":"nik-gjeloshaj-pas-fitores-ne-tuz-sfidat-qe-kemi-para","status":"publish","type":"post","link":"https:\/\/www.hashtag.al\/index.php\/2019\/03\/06\/nik-gjeloshaj-pas-fitores-ne-tuz-sfidat-qe-kemi-para\/","title":{"rendered":"Nik Gjeloshaj pas fitores n\u00eb Tuz: Sfidat q\u00eb kemi para","gt_translate_keys":[{"key":"rendered","format":"text"}]},"content":{"rendered":"<p><span style=\"color: #000000;\"><img loading=\"lazy\" decoding=\"async\" class=\"aligncenter size-full wp-image-279370\" src=\"https:\/\/hashtag.al\/wp-content\/uploads\/2019\/03\/gjeloshaj.jpg\" alt=\"\" width=\"2000\" height=\"1300\" srcset=\"https:\/\/www.hashtag.al\/wp-content\/uploads\/2019\/03\/gjeloshaj.jpg 2000w, https:\/\/www.hashtag.al\/wp-content\/uploads\/2019\/03\/gjeloshaj-300x195.jpg 300w, https:\/\/www.hashtag.al\/wp-content\/uploads\/2019\/03\/gjeloshaj-768x499.jpg 768w, https:\/\/www.hashtag.al\/wp-content\/uploads\/2019\/03\/gjeloshaj-1024x666.jpg 1024w\" sizes=\"auto, (max-width: 2000px) 100vw, 2000px\" \/><\/span><\/p>\n<p><span style=\"color: #000000;\">Pas fitores n\u00eb komun\u00ebn e Tuzit n\u00eb Mal t\u00eb Zi, kryetari i sapozgjedhur Nik Gjeloshaj ka deklaruar se gjendet p\u00ebrball\u00eb sfid\u00ebs p\u00ebr t\u00eb nd\u00ebrtuar nj\u00eb t\u00eb ardhme m\u00eb t\u00eb mir\u00eb p\u00ebr brezat e rinj.<\/span><\/p>\n<p><span style=\"color: #000000;\"><em>\u201cNe, u angazhuam me p\u00ebrkushtim q\u00eb pasi fituam komun\u00ebn e plot\u00eb, t\u00eb administrojm\u00eb vet\u00eb me t\u00eb mirat q\u00eb disponojm\u00eb dhe bashk\u00ebrisht me qytetar\u00ebt e Tuzit dhe t\u00eb Mal\u00ebsis\u00eb, t\u00eb nd\u00ebrtojm\u00eb nj\u00eb t\u00eb ardhme m\u00eb t\u00eb mir\u00eb dhe m\u00eb premtuese, sidomos p\u00ebr brezat e rinj. T\u00eb gjendur p\u00ebrball k\u00ebsaj sfide, vepruam n\u00eb drejtim t\u00eb unifikimit t\u00eb spektrit politik shqiptar n\u00eb k\u00ebto hap\u00ebsira. Iniciuam bisedimet dhe ia arrit\u00ebm q\u00eb t\u00eb bashkojm\u00eb forcat t\u00eb bindur se kjo \u00ebsht\u00eb rrug\u00ebtimi m\u00eb i sigurt drejt\u00eb fitores s\u00eb shum\u00ebpritur\u201d,<\/em> ka th\u00ebn\u00eb Gjeloshaj n\u00eb nj\u00eb intervist\u00eb ekskluzive p\u00ebr gazet\u00ebn \u2018Evrop\u00eb\u2019.<\/span><\/p>\n<p><span style=\"color: #000000;\">Sipas tij, shqiptar\u00ebt n\u00eb Tuz, kan\u00eb rikthyer vet\u00ebbesimin dhe shpres\u00ebn p\u00ebr t\u00eb ardhmen n\u00eb trojet e veta.<\/span><\/p>\n<p><span style=\"color: #000000;\">Nd\u00ebr t\u00eb tjera, Gjeloshaj \u00ebsht\u00eb zotuar se nuk do t\u00eb kursehet n\u00eb asnj\u00eb moment p\u00ebr t\u00eb kontribuuar n\u00eb ruajtjen dhe p\u00ebr\u00e7imin e vlerave komb\u00ebtare, nd\u00ebrsa ka folur dhe p\u00ebr sfidat q\u00eb e presin.<\/span><\/p>\n<p><span style=\"color: #000000;\"><em>\u201cVullneti i d\u00ebshmuar n\u00eb zgjedhjet lokale, d\u00ebshira p\u00ebr t\u00eb instaluar nj\u00eb pushtet shqiptar n\u00eb krye t\u00eb komun\u00ebs t\u00eb bindur se kjo duhet t\u00eb jet\u00eb e ardhmja jon\u00eb, jan\u00eb sfidat q\u00eb duhet p\u00ebrballur por, edhe p\u00ebr t\u00eb realizuar pik\u00ebsynimet tona programore. Aq m\u00eb par\u00eb pasi p\u00ebrgjegj\u00ebsia bie mbi ne, sepse ne ishim ata q\u00eb iu qas\u00ebm pun\u00ebs me p\u00ebrkushtimin m\u00eb t\u00eb madh n\u00eb sensibilizimin e opinionit shqiptar, jo vet\u00ebm n\u00eb trev\u00ebn e Tuzit dhe t\u00eb Mal\u00ebsis\u00eb\u201d<\/em>, jan\u00eb fjal\u00ebt e kryetarit t\u00eb komun\u00ebs s\u00eb Tuzit.<\/span><\/p>\n<p><span style=\"color: #000000;\">P\u00ebr her\u00eb t\u00eb par\u00eb pas 62 vjet\u00ebsh banor\u00ebve t\u00eb Tuzit, u jepet mund\u00ebsia t\u00eb qeverisin t\u00eb pavarur nga Podgorica zyrtare. Koalicioni i tri partive kryesore politike shqiptare, i udh\u00ebhequr nga Nik Gjeloshaj, ka fituar zgjedhjet duke marr\u00eb 16 mandate, duke b\u00ebr\u00eb q\u00eb kjo t\u00eb jet\u00eb komuna e par\u00eb q\u00eb udh\u00ebhiqet nga shqiptar\u00ebt n\u00eb Mal t\u00eb Zi.<\/span><\/p>\n","protected":false,"gt_translate_keys":[{"key":"rendered","format":"html"}]},"excerpt":{"rendered":"<p>Pas fitores n\u00eb komun\u00ebn e Tuzit n\u00eb Mal t\u00eb Zi, kryetari i sapozgjedhur Nik Gjeloshaj ka deklaruar se gjendet p\u00ebrball\u00eb sfid\u00ebs p\u00ebr t\u00eb nd\u00ebrtuar nj\u00eb t\u00eb ardhme m\u00eb t\u00eb mir\u00eb p\u00ebr brezat e rinj. \u201cNe, u angazhuam me p\u00ebrkushtim q\u00eb pasi fituam komun\u00ebn e plot\u00eb, t\u00eb administrojm\u00eb vet\u00eb me t\u00eb mirat q\u00eb disponojm\u00eb dhe bashk\u00ebrisht [&hellip;]<\/p>\n","protected":false,"gt_translate_keys":[{"key":"rendered","format":"html"}]},"author":30,"featured_media":280259,"comment_status":"open","ping_status":"open","sticky":false,"template":"","format":"standard","meta":{"footnotes":""},"categories":[149,13],"tags":[],"class_list":["post-280258","post","type-post","status-publish","format-standard","has-post-thumbnail","hentry","category-kosoverajon","category-te-fundit"],"gt_translate_keys":[{"key":"link","format":"url"}],"_links":{"self":[{"href":"https:\/\/www.hashtag.al\/index.php\/wp-json\/wp\/v2\/posts\/280258","targetHints":{"allow":["GET"]}}],"collection":[{"href":"https:\/\/www.hashtag.al\/index.php\/wp-json\/wp\/v2\/posts"}],"about":[{"href":"https:\/\/www.hashtag.al\/index.php\/wp-json\/wp\/v2\/types\/post"}],"author":[{"embeddable":true,"href":"https:\/\/www.hashtag.al\/index.php\/wp-json\/wp\/v2\/users\/30"}],"replies":[{"embeddable":true,"href":"https:\/\/www.hashtag.al\/index.php\/wp-json\/wp\/v2\/comments?post=280258"}],"version-history":[{"count":0,"href":"https:\/\/www.hashtag.al\/index.php\/wp-json\/wp\/v2\/posts\/280258\/revisions"}],"wp:featuredmedia":[{"embeddable":true,"href":"https:\/\/www.hashtag.al\/index.php\/wp-json\/wp\/v2\/media\/280259"}],"wp:attachment":[{"href":"https:\/\/www.hashtag.al\/index.php\/wp-json\/wp\/v2\/media?parent=280258"}],"wp:term":[{"taxonomy":"category","embeddable":true,"href":"https:\/\/www.hashtag.al\/index.php\/wp-json\/wp\/v2\/categories?post=280258"},{"taxonomy":"post_tag","embeddable":true,"href":"https:\/\/www.hashtag.al\/index.php\/wp-json\/wp\/v2\/tags?post=280258"}],"curies":[{"name":"wp","href":"https:\/\/api.w.org\/{rel}","templated":true}]}}