{"id":280028,"date":"2019-03-05T20:33:22","date_gmt":"2019-03-05T19:33:22","guid":{"rendered":"https:\/\/hashtag.al\/?p=280028"},"modified":"2019-03-05T20:33:22","modified_gmt":"2019-03-05T19:33:22","slug":"rama-interviste-ne-rai-1-shqiptaret-ne-itali-e-bombardojne-me-komente-negative","status":"publish","type":"post","link":"https:\/\/www.hashtag.al\/index.php\/2019\/03\/05\/rama-interviste-ne-rai-1-shqiptaret-ne-itali-e-bombardojne-me-komente-negative\/","title":{"rendered":"Rama intervist\u00eb n\u00eb Rai 1, shqiptar\u00ebt n\u00eb Itali e \u201cbombardojn\u00eb\u201d me komente negative","gt_translate_keys":[{"key":"rendered","format":"text"}]},"content":{"rendered":"<p><span style=\"color: #000000;\"><img loading=\"lazy\" decoding=\"async\" class=\"aligncenter size-full wp-image-280029\" src=\"https:\/\/hashtag.al\/wp-content\/uploads\/2019\/03\/rama-porta-a-aporta.png\" alt=\"\" width=\"475\" height=\"400\" srcset=\"https:\/\/www.hashtag.al\/wp-content\/uploads\/2019\/03\/rama-porta-a-aporta.png 475w, https:\/\/www.hashtag.al\/wp-content\/uploads\/2019\/03\/rama-porta-a-aporta-300x253.png 300w\" sizes=\"auto, (max-width: 475px) 100vw, 475px\" \/><\/span><\/p>\n<p><span style=\"color: #000000;\">Sonte pran\u00eb mesnat\u00ebs, kryeministri Edi Rama do t\u00eb jet\u00eb i ftuar n\u00eb emisionin \u201cPorta a Porta\u201d n\u00eb Rai 1 ku do t\u00eb flitet p\u00ebr aktualitetin politik n\u00eb vend.<\/span><\/p>\n<p><span style=\"color: #000000;\">Moderatori Bruno Vespa ka postuar n\u00eb rrjetet sociale nj\u00eb video ku tregon t\u00eb ftuarin e mbr\u00ebmjes dhe arsyet, nd\u00ebrsa menj\u00ebher\u00eb pas k\u00ebsaj kan\u00eb shp\u00ebrthyer komentet negative n\u00eb adres\u00eb t\u00eb kreut t\u00eb qeveris\u00eb, t\u00eb gjitha n\u00eb gjuh\u00ebn italiane.<\/span><\/p>\n<p><span style=\"color: #000000;\">Moderatori Bruno Vespa ka postuar n\u00eb rrjetet sociale nj\u00eb video ku tregon t\u00eb ftuarin e mbr\u00ebmjes dhe arsyet, nd\u00ebrsa menj\u00ebher\u00eb pas k\u00ebsaj kan\u00eb shp\u00ebrthyer komentet negative n\u00eb adres\u00eb t\u00eb kreut t\u00eb qeveris\u00eb, n\u00eb gjuh\u00ebn italiane.<\/span><\/p>\n<p><span style=\"color: #000000;\">\u201cMir\u00ebmbr\u00ebma zoti Vespa, a mund ta pyes\u00ebsh Kryeministrin Rama, si mundet q\u00eb vendi m\u00eb i varf\u00ebr n\u00eb Europ\u00eb, me adminsitrat\u00ebn m\u00eb luksoze n\u00eb bot\u00eb\u201d, shkruan nj\u00eb komentues.<\/span><\/p>\n<p><img loading=\"lazy\" decoding=\"async\" class=\"aligncenter size-full wp-image-280030\" src=\"https:\/\/hashtag.al\/wp-content\/uploads\/2019\/03\/auto_2221551812298.jpg\" alt=\"\" width=\"900\" height=\"203\" srcset=\"https:\/\/www.hashtag.al\/wp-content\/uploads\/2019\/03\/auto_2221551812298.jpg 900w, https:\/\/www.hashtag.al\/wp-content\/uploads\/2019\/03\/auto_2221551812298-300x68.jpg 300w, https:\/\/www.hashtag.al\/wp-content\/uploads\/2019\/03\/auto_2221551812298-768x173.jpg 768w\" sizes=\"auto, (max-width: 900px) 100vw, 900px\" \/> <img loading=\"lazy\" decoding=\"async\" class=\"aligncenter size-full wp-image-280031\" src=\"https:\/\/hashtag.al\/wp-content\/uploads\/2019\/03\/auto_111551812295.jpg\" alt=\"\" width=\"900\" height=\"172\" srcset=\"https:\/\/www.hashtag.al\/wp-content\/uploads\/2019\/03\/auto_111551812295.jpg 900w, https:\/\/www.hashtag.al\/wp-content\/uploads\/2019\/03\/auto_111551812295-300x57.jpg 300w, https:\/\/www.hashtag.al\/wp-content\/uploads\/2019\/03\/auto_111551812295-768x147.jpg 768w\" sizes=\"auto, (max-width: 900px) 100vw, 900px\" \/> <img loading=\"lazy\" decoding=\"async\" class=\"aligncenter size-full wp-image-280032\" src=\"https:\/\/hashtag.al\/wp-content\/uploads\/2019\/03\/auto_cm21551812284.png\" alt=\"\" width=\"900\" height=\"250\" srcset=\"https:\/\/www.hashtag.al\/wp-content\/uploads\/2019\/03\/auto_cm21551812284.png 900w, https:\/\/www.hashtag.al\/wp-content\/uploads\/2019\/03\/auto_cm21551812284-300x83.png 300w, https:\/\/www.hashtag.al\/wp-content\/uploads\/2019\/03\/auto_cm21551812284-768x213.png 768w\" sizes=\"auto, (max-width: 900px) 100vw, 900px\" \/> <img loading=\"lazy\" decoding=\"async\" class=\"aligncenter size-full wp-image-280033\" src=\"https:\/\/hashtag.al\/wp-content\/uploads\/2019\/03\/auto_cm11551812280.png\" alt=\"\" width=\"900\" height=\"410\" srcset=\"https:\/\/www.hashtag.al\/wp-content\/uploads\/2019\/03\/auto_cm11551812280.png 900w, https:\/\/www.hashtag.al\/wp-content\/uploads\/2019\/03\/auto_cm11551812280-300x137.png 300w, https:\/\/www.hashtag.al\/wp-content\/uploads\/2019\/03\/auto_cm11551812280-768x350.png 768w\" sizes=\"auto, (max-width: 900px) 100vw, 900px\" \/><\/p>\n","protected":false,"gt_translate_keys":[{"key":"rendered","format":"html"}]},"excerpt":{"rendered":"<p>Sonte pran\u00eb mesnat\u00ebs, kryeministri Edi Rama do t\u00eb jet\u00eb i ftuar n\u00eb emisionin \u201cPorta a Porta\u201d n\u00eb Rai 1 ku do t\u00eb flitet p\u00ebr aktualitetin politik n\u00eb vend. Moderatori Bruno Vespa ka postuar n\u00eb rrjetet sociale nj\u00eb video ku tregon t\u00eb ftuarin e mbr\u00ebmjes dhe arsyet, nd\u00ebrsa menj\u00ebher\u00eb pas k\u00ebsaj kan\u00eb shp\u00ebrthyer komentet negative n\u00eb [&hellip;]<\/p>\n","protected":false,"gt_translate_keys":[{"key":"rendered","format":"html"}]},"author":32,"featured_media":280029,"comment_status":"open","ping_status":"open","sticky":false,"template":"","format":"standard","meta":{"footnotes":""},"categories":[53,13],"tags":[],"class_list":["post-280028","post","type-post","status-publish","format-standard","has-post-thumbnail","hentry","category-fast-foodi","category-te-fundit"],"gt_translate_keys":[{"key":"link","format":"url"}],"_links":{"self":[{"href":"https:\/\/www.hashtag.al\/index.php\/wp-json\/wp\/v2\/posts\/280028","targetHints":{"allow":["GET"]}}],"collection":[{"href":"https:\/\/www.hashtag.al\/index.php\/wp-json\/wp\/v2\/posts"}],"about":[{"href":"https:\/\/www.hashtag.al\/index.php\/wp-json\/wp\/v2\/types\/post"}],"author":[{"embeddable":true,"href":"https:\/\/www.hashtag.al\/index.php\/wp-json\/wp\/v2\/users\/32"}],"replies":[{"embeddable":true,"href":"https:\/\/www.hashtag.al\/index.php\/wp-json\/wp\/v2\/comments?post=280028"}],"version-history":[{"count":0,"href":"https:\/\/www.hashtag.al\/index.php\/wp-json\/wp\/v2\/posts\/280028\/revisions"}],"wp:featuredmedia":[{"embeddable":true,"href":"https:\/\/www.hashtag.al\/index.php\/wp-json\/wp\/v2\/media\/280029"}],"wp:attachment":[{"href":"https:\/\/www.hashtag.al\/index.php\/wp-json\/wp\/v2\/media?parent=280028"}],"wp:term":[{"taxonomy":"category","embeddable":true,"href":"https:\/\/www.hashtag.al\/index.php\/wp-json\/wp\/v2\/categories?post=280028"},{"taxonomy":"post_tag","embeddable":true,"href":"https:\/\/www.hashtag.al\/index.php\/wp-json\/wp\/v2\/tags?post=280028"}],"curies":[{"name":"wp","href":"https:\/\/api.w.org\/{rel}","templated":true}]}}