{"id":279711,"date":"2019-03-04T21:34:09","date_gmt":"2019-03-04T20:34:09","guid":{"rendered":"https:\/\/hashtag.al\/?p=279711"},"modified":"2019-03-04T21:34:09","modified_gmt":"2019-03-04T20:34:09","slug":"basha-populli-na-vuri-perballe-dy-zgjedhjeve-per-mandatet","status":"publish","type":"post","link":"https:\/\/www.hashtag.al\/index.php\/2019\/03\/04\/basha-populli-na-vuri-perballe-dy-zgjedhjeve-per-mandatet\/","title":{"rendered":"Basha: Populli na vuri p\u00ebrball\u00eb dy zgjedhjeve p\u00ebr mandatet","gt_translate_keys":[{"key":"rendered","format":"text"}]},"content":{"rendered":"<p><img loading=\"lazy\" decoding=\"async\" class=\"aligncenter size-full wp-image-279712\" src=\"https:\/\/hashtag.al\/wp-content\/uploads\/2019\/03\/basha2-1.jpg\" alt=\"\" width=\"880\" height=\"520\" srcset=\"https:\/\/www.hashtag.al\/wp-content\/uploads\/2019\/03\/basha2-1.jpg 880w, https:\/\/www.hashtag.al\/wp-content\/uploads\/2019\/03\/basha2-1-300x177.jpg 300w, https:\/\/www.hashtag.al\/wp-content\/uploads\/2019\/03\/basha2-1-768x454.jpg 768w\" sizes=\"auto, (max-width: 880px) 100vw, 880px\" \/><\/p>\n<p>Kreu i Partis\u00eb Demokratike Lulzim Basha komentoi zhvillimet e fundit politike n\u00eb vend dhe protest\u00ebn e nes\u00ebrme para godin\u00ebs s\u00eb Parlamentit.<\/p>\n<p>Sa i p\u00ebrket djegies s\u00eb mandateve, kryedemokrati \u00ebsht\u00eb shprehur se ky ka qen\u00eb imponim i qytetar\u00ebve.<\/p>\n<p>\u201cKishim vet\u00ebm dy rrug\u00eb. Ne jemi sot n\u00eb nj\u00eb sistem ku nj\u00eb njeri ka kapur gjith\u00eb pushtetin. Ka asgj\u00ebsuar Gjykat\u00ebn Kushtetuese, ka kapur drejt\u00ebsin\u00eb dhe ka asgj\u00ebsuar Prokurorin\u00eb. Opozita me t\u00eb drejt\u00eb, ishte kthyer n\u00eb fasad\u00eb. Ne nuk arrinim \u00a0dot p\u00ebrmes rolit parlamentar q\u00eb \u00ebsht\u00eb i kufizuar ve\u00e7an\u00ebrisht pas ndryshimeve t\u00eb 2008-s. \u00cbsht\u00eb pjes\u00eb e marr\u00ebveshjes Basha-Rama q\u00eb t\u00eb rrini aty. Erdhi nj\u00eb moment ku qytetar\u00ebt na vun\u00eb para zgjidhjes duke \u00e7uar vendin drejt kriz\u00ebs institucionale ose ta linim t\u00eb degradonin n\u00eb shfaqje dhune\u201d- u shpreh Basha n\u00eb emisionin \u201c360 grad\u00eb\u201d n\u00eb Ora News.<\/p>\n","protected":false,"gt_translate_keys":[{"key":"rendered","format":"html"}]},"excerpt":{"rendered":"<p>Kreu i Partis\u00eb Demokratike Lulzim Basha komentoi zhvillimet e fundit politike n\u00eb vend dhe protest\u00ebn e nes\u00ebrme para godin\u00ebs s\u00eb Parlamentit. Sa i p\u00ebrket djegies s\u00eb mandateve, kryedemokrati \u00ebsht\u00eb shprehur se ky ka qen\u00eb imponim i qytetar\u00ebve. \u201cKishim vet\u00ebm dy rrug\u00eb. Ne jemi sot n\u00eb nj\u00eb sistem ku nj\u00eb njeri ka kapur gjith\u00eb pushtetin. Ka [&hellip;]<\/p>\n","protected":false,"gt_translate_keys":[{"key":"rendered","format":"html"}]},"author":32,"featured_media":279712,"comment_status":"open","ping_status":"open","sticky":false,"template":"","format":"standard","meta":{"footnotes":""},"categories":[65,13],"tags":[],"class_list":["post-279711","post","type-post","status-publish","format-standard","has-post-thumbnail","hentry","category-lajme","category-te-fundit"],"gt_translate_keys":[{"key":"link","format":"url"}],"_links":{"self":[{"href":"https:\/\/www.hashtag.al\/index.php\/wp-json\/wp\/v2\/posts\/279711","targetHints":{"allow":["GET"]}}],"collection":[{"href":"https:\/\/www.hashtag.al\/index.php\/wp-json\/wp\/v2\/posts"}],"about":[{"href":"https:\/\/www.hashtag.al\/index.php\/wp-json\/wp\/v2\/types\/post"}],"author":[{"embeddable":true,"href":"https:\/\/www.hashtag.al\/index.php\/wp-json\/wp\/v2\/users\/32"}],"replies":[{"embeddable":true,"href":"https:\/\/www.hashtag.al\/index.php\/wp-json\/wp\/v2\/comments?post=279711"}],"version-history":[{"count":0,"href":"https:\/\/www.hashtag.al\/index.php\/wp-json\/wp\/v2\/posts\/279711\/revisions"}],"wp:featuredmedia":[{"embeddable":true,"href":"https:\/\/www.hashtag.al\/index.php\/wp-json\/wp\/v2\/media\/279712"}],"wp:attachment":[{"href":"https:\/\/www.hashtag.al\/index.php\/wp-json\/wp\/v2\/media?parent=279711"}],"wp:term":[{"taxonomy":"category","embeddable":true,"href":"https:\/\/www.hashtag.al\/index.php\/wp-json\/wp\/v2\/categories?post=279711"},{"taxonomy":"post_tag","embeddable":true,"href":"https:\/\/www.hashtag.al\/index.php\/wp-json\/wp\/v2\/tags?post=279711"}],"curies":[{"name":"wp","href":"https:\/\/api.w.org\/{rel}","templated":true}]}}