{"id":279707,"date":"2019-03-04T21:21:45","date_gmt":"2019-03-04T20:21:45","guid":{"rendered":"https:\/\/hashtag.al\/?p=279707"},"modified":"2019-03-04T21:45:49","modified_gmt":"2019-03-04T20:45:49","slug":"doris-pack-replikon-me-fleckenstein-per-shqiperine-hipokrizi-te-kritikosh-opoziten","status":"publish","type":"post","link":"https:\/\/www.hashtag.al\/index.php\/2019\/03\/04\/doris-pack-replikon-me-fleckenstein-per-shqiperine-hipokrizi-te-kritikosh-opoziten\/","title":{"rendered":"Doris Pack replikon me Fleckenstein p\u00ebr Shqip\u00ebrin\u00eb: Hipokrizi t\u00eb kritikosh opozit\u00ebn","gt_translate_keys":[{"key":"rendered","format":"text"}]},"content":{"rendered":"<p><img loading=\"lazy\" decoding=\"async\" class=\"aligncenter size-full wp-image-279708\" src=\"https:\/\/hashtag.al\/wp-content\/uploads\/2019\/03\/pack-knut.jpg\" alt=\"\" width=\"3121\" height=\"1857\" srcset=\"https:\/\/www.hashtag.al\/wp-content\/uploads\/2019\/03\/pack-knut.jpg 3121w, https:\/\/www.hashtag.al\/wp-content\/uploads\/2019\/03\/pack-knut-300x179.jpg 300w, https:\/\/www.hashtag.al\/wp-content\/uploads\/2019\/03\/pack-knut-768x457.jpg 768w, https:\/\/www.hashtag.al\/wp-content\/uploads\/2019\/03\/pack-knut-1024x609.jpg 1024w\" sizes=\"auto, (max-width: 3121px) 100vw, 3121px\" \/><\/p>\n<p>Ish-europarlamentarja Doris Pack ka reprlikuar n\u00eb distanc\u00eb m\u00eb reportuesin p\u00ebr Shqip\u00ebrin\u00eb n\u00eb Parlamentin Evropian Knut Fleckenstein .<\/p>\n<p>N\u00eb nj\u00eb postim n\u00eb T\u00ebitter n\u00eb t\u00eb cilin Pack ka b\u00ebr\u00eb \u201ctag\u201d edhe Fleckenstein, kritikon at\u00eb p\u00ebr kritikat ndaj opozit\u00ebs shqiptare t\u00eb cilat ajo i quan hipokrizi.<\/p>\n<p>M\u00eb tej Pack shkruan se ajo ndihet e turp\u00ebruar p\u00ebr kritik\u00ebn e munguar t\u00eb Fleckenstein ndaj mazhoranc\u00ebs p\u00ebr situat\u00ebn e krimit dhe korrupsionit n\u00eb Shqip\u00ebri.<\/p>\n<p>\u201c<em>Knut Fleckenstein, gjykimi i Opozit\u00ebs n\u00eb Shqip\u00ebri p\u00ebr sjellje jodemokratike \u00ebsht\u00eb hipokrizi, \u00ebsht\u00eb nj\u00eb thirrje p\u00ebr ndihm\u00eb nga BE-ja. Asnj\u00ebher\u00eb n\u00eb vitet e fundit nuk keni kritikuar miqt\u00eb socialist\u00eb p\u00ebr krimin dhe qeverisjen e korruptuar. Shqiptar\u00ebt humb\u00ebn shpres\u00ebn, po vuajn\u00eb dhe l\u00ebn\u00eb vendin. Kam turp nga ti<\/em>\u201d,\u00a0shkruan Pack n\u00eb Twitter dhe i b\u00ebn tag\u00a0Fleckenstein-it.<\/p>\n<p>&nbsp;<\/p>\n","protected":false,"gt_translate_keys":[{"key":"rendered","format":"html"}]},"excerpt":{"rendered":"<p>Ish-europarlamentarja Doris Pack ka reprlikuar n\u00eb distanc\u00eb m\u00eb reportuesin p\u00ebr Shqip\u00ebrin\u00eb n\u00eb Parlamentin Evropian Knut Fleckenstein . N\u00eb nj\u00eb postim n\u00eb T\u00ebitter n\u00eb t\u00eb cilin Pack ka b\u00ebr\u00eb \u201ctag\u201d edhe Fleckenstein, kritikon at\u00eb p\u00ebr kritikat ndaj opozit\u00ebs shqiptare t\u00eb cilat ajo i quan hipokrizi. M\u00eb tej Pack shkruan se ajo ndihet e turp\u00ebruar p\u00ebr kritik\u00ebn [&hellip;]<\/p>\n","protected":false,"gt_translate_keys":[{"key":"rendered","format":"html"}]},"author":32,"featured_media":279708,"comment_status":"open","ping_status":"open","sticky":false,"template":"","format":"standard","meta":{"footnotes":""},"categories":[65,13],"tags":[],"class_list":["post-279707","post","type-post","status-publish","format-standard","has-post-thumbnail","hentry","category-lajme","category-te-fundit"],"gt_translate_keys":[{"key":"link","format":"url"}],"_links":{"self":[{"href":"https:\/\/www.hashtag.al\/index.php\/wp-json\/wp\/v2\/posts\/279707","targetHints":{"allow":["GET"]}}],"collection":[{"href":"https:\/\/www.hashtag.al\/index.php\/wp-json\/wp\/v2\/posts"}],"about":[{"href":"https:\/\/www.hashtag.al\/index.php\/wp-json\/wp\/v2\/types\/post"}],"author":[{"embeddable":true,"href":"https:\/\/www.hashtag.al\/index.php\/wp-json\/wp\/v2\/users\/32"}],"replies":[{"embeddable":true,"href":"https:\/\/www.hashtag.al\/index.php\/wp-json\/wp\/v2\/comments?post=279707"}],"version-history":[{"count":0,"href":"https:\/\/www.hashtag.al\/index.php\/wp-json\/wp\/v2\/posts\/279707\/revisions"}],"wp:featuredmedia":[{"embeddable":true,"href":"https:\/\/www.hashtag.al\/index.php\/wp-json\/wp\/v2\/media\/279708"}],"wp:attachment":[{"href":"https:\/\/www.hashtag.al\/index.php\/wp-json\/wp\/v2\/media?parent=279707"}],"wp:term":[{"taxonomy":"category","embeddable":true,"href":"https:\/\/www.hashtag.al\/index.php\/wp-json\/wp\/v2\/categories?post=279707"},{"taxonomy":"post_tag","embeddable":true,"href":"https:\/\/www.hashtag.al\/index.php\/wp-json\/wp\/v2\/tags?post=279707"}],"curies":[{"name":"wp","href":"https:\/\/api.w.org\/{rel}","templated":true}]}}