{"id":279565,"date":"2019-03-04T10:47:43","date_gmt":"2019-03-04T09:47:43","guid":{"rendered":"https:\/\/hashtag.al\/?p=279565"},"modified":"2019-03-04T10:49:44","modified_gmt":"2019-03-04T09:49:44","slug":"zgjedhjet-ne-estoni-reformistet-properendimor-mundin-rivalet-ne-pushtet","status":"publish","type":"post","link":"https:\/\/www.hashtag.al\/index.php\/2019\/03\/04\/zgjedhjet-ne-estoni-reformistet-properendimor-mundin-rivalet-ne-pushtet\/","title":{"rendered":"Zgjedhjet n\u00eb Estoni, reformist\u00ebt proper\u00ebndimor mundin rival\u00ebt n\u00eb pushtet","gt_translate_keys":[{"key":"rendered","format":"text"}]},"content":{"rendered":"<p><span style=\"color: #000000;\"><img loading=\"lazy\" decoding=\"async\" class=\"aligncenter size-full wp-image-279566\" src=\"https:\/\/hashtag.al\/wp-content\/uploads\/2019\/03\/estoni-2.jpg\" alt=\"\" width=\"624\" height=\"351\" srcset=\"https:\/\/www.hashtag.al\/wp-content\/uploads\/2019\/03\/estoni-2.jpg 624w, https:\/\/www.hashtag.al\/wp-content\/uploads\/2019\/03\/estoni-2-300x169.jpg 300w\" sizes=\"auto, (max-width: 624px) 100vw, 624px\" \/><\/span><\/p>\n<p><span style=\"color: #000000;\">Partia Reformiste e qendr\u00ebs s\u00eb djatht\u00eb ka fituar zgjedhjet parlamentare t\u00eb s\u00eb diel\u00ebs n\u00eb Estoni, por nuk ka vende t\u00eb mjaftueshme q\u00eb do t\u2019i siguronin qeverisjen pa lidhur koalicion me ndonj\u00ebr\u00ebn nga partit\u00eb rivale.<\/span><\/p>\n<p><span style=\"color: #000000;\">Sikurse shkruan <span style=\"color: #0000ff;\"><a style=\"color: #0000ff;\" href=\"https:\/\/www.bbc.com\/news\/world-europe-47430993\">&#8220;BBC&#8221;,<\/a><\/span> reformist\u00ebt e udh\u00ebhequr nga Kaja Kallas, fituan 29 p\u00ebr qind t\u00eb votave, t\u00eb ndjekur nga partia e Qendr\u00ebs s\u00eb kryeministrit Juri Ratas, q\u00eb fitoi 23 p\u00ebr qind t\u00eb votave.<\/span><\/p>\n<p><span style=\"color: #000000;\">Nd\u00ebrkoh\u00eb Partia Popullore Konservatore e Estonis\u00eb (EKRE), e cila ka b\u00ebr\u00eb thirrje p\u00ebr nj\u00eb referendum mbi an\u00ebtar\u00ebsimin n\u00eb BE, \u00a0vjen e treta n\u00eb radh\u00eb me 18% t\u00eb votave.<\/span><\/p>\n<p><span style=\"color: #000000;\">Zonja Kallas, e cila pritet t\u00eb jet\u00eb kryeministrja e par\u00eb fem\u00ebr e Estonis\u00eb, tha para mediave se t\u00eb gjitha opsionet p\u00ebr koalicion ishin n\u00eb tavolin\u00eb.<\/span><\/p>\n<p><span style=\"color: #000000;\">Mir\u00ebpo m\u00eb par\u00eb, dy partit\u00eb kund\u00ebrshtare, ajo Reformiste dhe e Qendr\u00ebs, jan\u00eb zotuar para zgjedhjeve t\u00eb mbajn\u00eb larg pushtetit Partin\u00eb Konservative Popullore t\u00eb Estonis\u00eb (EKRE).<\/span><\/p>\n<p><span style=\"color: #000000;\">Duke folur p\u00ebr transmetuesin publik &#8220;ETV&#8221;, Kallas k\u00ebmb\u00ebnguli se EKRE <em>&#8220;nuk jan\u00eb nj\u00eb zgjedhje p\u00ebr ne&#8221;.<\/em><\/span><\/p>\n<p><span style=\"color: #000000;\">Pothuajse 1 e kat\u00ebrta e 881,000 votuesve t\u00eb mundsh\u00ebm e dhan\u00eb vot\u00ebn e tyre n\u00eb m\u00ebnyr\u00eb elektronike. Rezultatet nga votimi elektronik i dhan\u00eb Reform\u00ebs nj\u00eb rezultat edhe m\u00eb t\u00eb lart\u00eb.<\/span><\/p>\n<p><span style=\"color: #000000;\">N\u00eb vitin 2007, Estonia u b\u00eb nj\u00eb nga vendet e para t\u00eb bot\u00ebs q\u00eb u godit nga nj\u00eb sulm kibernetik i Rusis\u00eb. Q\u00eb nga periudha e sulmit, Estonia \u00ebsht\u00eb shnd\u00ebrruar n\u00eb nj\u00eb nd\u00ebr vendet q\u00eb konsiderohen si m\u00eb t\u00eb avancuarit teknologjikisht n\u00eb bot\u00eb.<\/span><\/p>\n<p><img loading=\"lazy\" decoding=\"async\" class=\"aligncenter size-full wp-image-279567\" src=\"https:\/\/hashtag.al\/wp-content\/uploads\/2019\/03\/kallas-1.jpg\" alt=\"\" width=\"660\" height=\"371\" srcset=\"https:\/\/www.hashtag.al\/wp-content\/uploads\/2019\/03\/kallas-1.jpg 660w, https:\/\/www.hashtag.al\/wp-content\/uploads\/2019\/03\/kallas-1-300x169.jpg 300w\" sizes=\"auto, (max-width: 660px) 100vw, 660px\" \/><\/p>\n","protected":false,"gt_translate_keys":[{"key":"rendered","format":"html"}]},"excerpt":{"rendered":"<p>Partia Reformiste e qendr\u00ebs s\u00eb djatht\u00eb ka fituar zgjedhjet parlamentare t\u00eb s\u00eb diel\u00ebs n\u00eb Estoni, por nuk ka vende t\u00eb mjaftueshme q\u00eb do t\u2019i siguronin qeverisjen pa lidhur koalicion me ndonj\u00ebr\u00ebn nga partit\u00eb rivale. Sikurse shkruan &#8220;BBC&#8221;, reformist\u00ebt e udh\u00ebhequr nga Kaja Kallas, fituan 29 p\u00ebr qind t\u00eb votave, t\u00eb ndjekur nga partia e Qendr\u00ebs [&hellip;]<\/p>\n","protected":false,"gt_translate_keys":[{"key":"rendered","format":"html"}]},"author":30,"featured_media":279567,"comment_status":"open","ping_status":"open","sticky":false,"template":"","format":"standard","meta":{"footnotes":""},"categories":[6,13],"tags":[],"class_list":["post-279565","post","type-post","status-publish","format-standard","has-post-thumbnail","hentry","category-nderkombetare","category-te-fundit"],"gt_translate_keys":[{"key":"link","format":"url"}],"_links":{"self":[{"href":"https:\/\/www.hashtag.al\/index.php\/wp-json\/wp\/v2\/posts\/279565","targetHints":{"allow":["GET"]}}],"collection":[{"href":"https:\/\/www.hashtag.al\/index.php\/wp-json\/wp\/v2\/posts"}],"about":[{"href":"https:\/\/www.hashtag.al\/index.php\/wp-json\/wp\/v2\/types\/post"}],"author":[{"embeddable":true,"href":"https:\/\/www.hashtag.al\/index.php\/wp-json\/wp\/v2\/users\/30"}],"replies":[{"embeddable":true,"href":"https:\/\/www.hashtag.al\/index.php\/wp-json\/wp\/v2\/comments?post=279565"}],"version-history":[{"count":0,"href":"https:\/\/www.hashtag.al\/index.php\/wp-json\/wp\/v2\/posts\/279565\/revisions"}],"wp:featuredmedia":[{"embeddable":true,"href":"https:\/\/www.hashtag.al\/index.php\/wp-json\/wp\/v2\/media\/279567"}],"wp:attachment":[{"href":"https:\/\/www.hashtag.al\/index.php\/wp-json\/wp\/v2\/media?parent=279565"}],"wp:term":[{"taxonomy":"category","embeddable":true,"href":"https:\/\/www.hashtag.al\/index.php\/wp-json\/wp\/v2\/categories?post=279565"},{"taxonomy":"post_tag","embeddable":true,"href":"https:\/\/www.hashtag.al\/index.php\/wp-json\/wp\/v2\/tags?post=279565"}],"curies":[{"name":"wp","href":"https:\/\/api.w.org\/{rel}","templated":true}]}}