{"id":279564,"date":"2019-03-04T10:52:45","date_gmt":"2019-03-04T09:52:45","guid":{"rendered":"https:\/\/hashtag.al\/?p=279564"},"modified":"2019-03-04T10:55:05","modified_gmt":"2019-03-04T09:55:05","slug":"icardi-po-sillet-si-femije-e-mori-ne-qafe-wanda-nara-cassano-shperthen-ne-tv","status":"publish","type":"post","link":"https:\/\/www.hashtag.al\/index.php\/2019\/03\/04\/icardi-po-sillet-si-femije-e-mori-ne-qafe-wanda-nara-cassano-shperthen-ne-tv\/","title":{"rendered":"&#8220;Icardi po sillet si f\u00ebmij\u00eb, e mori n\u00eb qaf\u00eb Wanda Nara&#8221; &#8211; Cassano shp\u00ebrthen n\u00eb TV","gt_translate_keys":[{"key":"rendered","format":"text"}]},"content":{"rendered":"<p><img loading=\"lazy\" decoding=\"async\" class=\"aligncenter size-full wp-image-279569\" src=\"https:\/\/hashtag.al\/wp-content\/uploads\/2019\/03\/ikardikasano.jpg\" alt=\"\" width=\"2000\" height=\"1175\" srcset=\"https:\/\/www.hashtag.al\/wp-content\/uploads\/2019\/03\/ikardikasano.jpg 2000w, https:\/\/www.hashtag.al\/wp-content\/uploads\/2019\/03\/ikardikasano-300x176.jpg 300w, https:\/\/www.hashtag.al\/wp-content\/uploads\/2019\/03\/ikardikasano-768x451.jpg 768w, https:\/\/www.hashtag.al\/wp-content\/uploads\/2019\/03\/ikardikasano-1024x602.jpg 1024w\" sizes=\"auto, (max-width: 2000px) 100vw, 2000px\" \/><\/p>\n<p><span style=\"color: #000000;\">Ish-sulmuesi i komb\u00ebtares italiane dhe i disa ekipeve n\u00eb Itali, Antonio Kasano, ka faj\u00ebsuar bashk\u00ebshorten e argjentinasit Ikardi, p\u00ebr situat\u00ebn e v\u00ebshtir\u00eb n\u00eb t\u00eb cil\u00ebn ndodhet sulmuesi i Interit. <\/span><\/p>\n<p><span style=\"color: #000000;\">N\u00eb nj\u00eb emision televiziv, Kasano ka th\u00ebn\u00eb se Uanda Nara e ka v\u00ebn\u00eb n\u00eb v\u00ebshtir\u00ebsi serioze Ikardin dhe \u00ebsht\u00eb p\u00ebrgjegj\u00ebse p\u00ebr gjendjen e tij.<\/span><\/p>\n<p><span style=\"color: #000000;\"><em>\u201cUanda ka krijuar rreth Ikardit tok\u00eb t\u00eb shkrumbuar. E ka v\u00ebn\u00eb n\u00eb v\u00ebshtir\u00ebsi t\u00eb m\u00ebdha me deklaratat dhe q\u00ebndrimet e saj. Gjithnj\u00eb ua l\u00eb fajin t\u00eb tjer\u00ebve, por fajin kryesor e ka ajo vet\u00eb. Ky \u00ebsht\u00eb mendimi im. Ikardi po sillet si f\u00ebmij\u00eb. K\u00ebto gj\u00ebra un\u00eb i b\u00ebja kur isha 20 vje\u00e7.\u201d<\/em> &#8211; ka deklaruar Kasano.<\/span><\/p>\n<p><span style=\"color: #000000;\">Sulmuesi zikalt\u00ebr po kalon nj\u00eb periudh\u00eb t\u00eb v\u00ebshtir\u00eb n\u00eb Milano me Interin dhe pasi ka humbur postin e titullarit ka prishur marr\u00ebdh\u00ebnies me nj\u00eb pjes\u00eb t\u00eb mir\u00eb t\u00eb shok\u00ebve t\u00eb ekipit dhe sipas t\u00eb gjitha gjasave pritet t\u00eb largohet nga Interi n\u00eb merkaton e ver\u00ebs.<\/span><\/p>\n<p><img loading=\"lazy\" decoding=\"async\" class=\"aligncenter size-full wp-image-279571\" src=\"https:\/\/hashtag.al\/wp-content\/uploads\/2019\/03\/Kasano.jpg\" alt=\"\" width=\"2281\" height=\"1405\" srcset=\"https:\/\/www.hashtag.al\/wp-content\/uploads\/2019\/03\/Kasano.jpg 2281w, https:\/\/www.hashtag.al\/wp-content\/uploads\/2019\/03\/Kasano-300x185.jpg 300w, https:\/\/www.hashtag.al\/wp-content\/uploads\/2019\/03\/Kasano-768x473.jpg 768w, https:\/\/www.hashtag.al\/wp-content\/uploads\/2019\/03\/Kasano-1024x631.jpg 1024w\" sizes=\"auto, (max-width: 2281px) 100vw, 2281px\" \/><\/p>\n","protected":false,"gt_translate_keys":[{"key":"rendered","format":"html"}]},"excerpt":{"rendered":"<p>Ish-sulmuesi i komb\u00ebtares italiane dhe i disa ekipeve n\u00eb Itali, Antonio Kasano, ka faj\u00ebsuar bashk\u00ebshorten e argjentinasit Ikardi, p\u00ebr situat\u00ebn e v\u00ebshtir\u00eb n\u00eb t\u00eb cil\u00ebn ndodhet sulmuesi i Interit. N\u00eb nj\u00eb emision televiziv, Kasano ka th\u00ebn\u00eb se Uanda Nara e ka v\u00ebn\u00eb n\u00eb v\u00ebshtir\u00ebsi serioze Ikardin dhe \u00ebsht\u00eb p\u00ebrgjegj\u00ebse p\u00ebr gjendjen e tij. \u201cUanda ka [&hellip;]<\/p>\n","protected":false,"gt_translate_keys":[{"key":"rendered","format":"html"}]},"author":51,"featured_media":279570,"comment_status":"open","ping_status":"open","sticky":false,"template":"","format":"standard","meta":{"footnotes":""},"categories":[53,134],"tags":[],"class_list":["post-279564","post","type-post","status-publish","format-standard","has-post-thumbnail","hentry","category-fast-foodi","category-sport"],"gt_translate_keys":[{"key":"link","format":"url"}],"_links":{"self":[{"href":"https:\/\/www.hashtag.al\/index.php\/wp-json\/wp\/v2\/posts\/279564","targetHints":{"allow":["GET"]}}],"collection":[{"href":"https:\/\/www.hashtag.al\/index.php\/wp-json\/wp\/v2\/posts"}],"about":[{"href":"https:\/\/www.hashtag.al\/index.php\/wp-json\/wp\/v2\/types\/post"}],"author":[{"embeddable":true,"href":"https:\/\/www.hashtag.al\/index.php\/wp-json\/wp\/v2\/users\/51"}],"replies":[{"embeddable":true,"href":"https:\/\/www.hashtag.al\/index.php\/wp-json\/wp\/v2\/comments?post=279564"}],"version-history":[{"count":0,"href":"https:\/\/www.hashtag.al\/index.php\/wp-json\/wp\/v2\/posts\/279564\/revisions"}],"wp:featuredmedia":[{"embeddable":true,"href":"https:\/\/www.hashtag.al\/index.php\/wp-json\/wp\/v2\/media\/279570"}],"wp:attachment":[{"href":"https:\/\/www.hashtag.al\/index.php\/wp-json\/wp\/v2\/media?parent=279564"}],"wp:term":[{"taxonomy":"category","embeddable":true,"href":"https:\/\/www.hashtag.al\/index.php\/wp-json\/wp\/v2\/categories?post=279564"},{"taxonomy":"post_tag","embeddable":true,"href":"https:\/\/www.hashtag.al\/index.php\/wp-json\/wp\/v2\/tags?post=279564"}],"curies":[{"name":"wp","href":"https:\/\/api.w.org\/{rel}","templated":true}]}}