{"id":279530,"date":"2019-03-04T09:02:12","date_gmt":"2019-03-04T08:02:12","guid":{"rendered":"https:\/\/hashtag.al\/?p=279530"},"modified":"2019-03-04T09:06:49","modified_gmt":"2019-03-04T08:06:49","slug":"gjyqtari-hamiti-per-dhunen-ne-kamez-me-vrane-ne-fushe-e-kuptoni-cka-perjetuar-gruaja-shtatzene-dhe-djali","status":"publish","type":"post","link":"https:\/\/www.hashtag.al\/index.php\/2019\/03\/04\/gjyqtari-hamiti-per-dhunen-ne-kamez-me-vrane-ne-fushe-e-kuptoni-cka-perjetuar-gruaja-shtatzene-dhe-djali\/","title":{"rendered":"Gjyqtari Hamiti p\u00ebr dhun\u00ebn n\u00eb Kam\u00ebz: M\u00eb vran\u00eb n\u00eb fush\u00eb, e kuptoni \u00e7&#8217;ka p\u00ebrjetuar gruaja shtatz\u00ebn\u00eb dhe djali?!","gt_translate_keys":[{"key":"rendered","format":"text"}]},"content":{"rendered":"<p><img loading=\"lazy\" decoding=\"async\" class=\"aligncenter size-full wp-image-279531\" src=\"https:\/\/hashtag.al\/wp-content\/uploads\/2019\/03\/Kamze.jpg\" alt=\"\" width=\"677\" height=\"450\" srcset=\"https:\/\/www.hashtag.al\/wp-content\/uploads\/2019\/03\/Kamze.jpg 677w, https:\/\/www.hashtag.al\/wp-content\/uploads\/2019\/03\/Kamze-300x199.jpg 300w\" sizes=\"auto, (max-width: 677px) 100vw, 677px\" \/><\/p>\n<p><span style=\"color: #000000;\">Gjyqtari Eldorjan Hamiti, i cili ra dje pre e dhun\u00ebs n\u00eb takimin e fundit mes Kamz\u00ebs dhe La\u00e7it.<\/span><\/p>\n<p><span style=\"color: #000000;\">N\u00eb nj\u00eb intervist\u00eb p\u00ebr gazet\u00ebn &#8220;Panorama Sport&#8221;, Hamiti ka deklaruar se n\u00eb at\u00eb fush\u00eb dje \u00ebsht\u00eb ndier\u00eb i vrar\u00eb: fizikisht, moralisht dhe profesionalisht.<\/span><\/p>\n<p><span style=\"color: #000000;\">Ai deklaron se nuk ka asnj\u00eb peng n\u00eb nd\u00ebrgjegje, sepse penalltia ishte e past\u00ebr, madje ia ka pranuar edhe vet\u00eb portieri.\u00a0Sipas tij, topi i r\u00ebn\u00eb n\u00eb fush\u00eb nuk mund t\u00eb b\u00ebhej shkak p\u00ebr nd\u00ebrprerjen e loj\u00ebs, pasi ishte shum\u00eb larg dhe nuk ndikonte n\u00eb aksion.<\/span><\/p>\n<p><span style=\"color: #000000;\"><em>&#8220;E kan\u00eb gabim pra, n\u00ebse mendojn\u00eb k\u00ebshtu. Topin n\u00eb fush\u00eb e hodh\u00ebn vet\u00eb kamzalinjt\u00eb dhe ai top nuk u p\u00ebrfshi as n\u00eb aksion dhe as n\u00eb dinamik\u00ebn e ndeshjes. Jo gjithnj\u00eb mund t\u00eb nd\u00ebrpritet ndeshja kur hidhet nj\u00eb subjekt i palejuar n\u00eb fush\u00eb, kur ai nuk ndikon n\u00eb aksion. Topi nuk ishte as af\u00ebr q\u00eb t\u00eb ngat\u00ebrronte lojtar\u00ebt. Por k\u00ebto jan\u00eb \u00e7\u00ebshtje teknike. Nuk ka argument q\u00eb e justifikon at\u00eb sjellje barbare. N\u00ebse u m\u00ebrzit\u00ebn p\u00ebr nj\u00eb top, at\u00ebher\u00eb po ua \u00e7oj un\u00eb dhjet\u00eb topa dhurat\u00eb dhe le t\u2019u bien gjith\u00eb dit\u00ebn\u2026 Po u \u00e7oj edhe gjith\u00eb fisin q\u00eb t\u00eb merremi vesh si\u00e7 e meritojn\u00eb ata\u2026 M\u00eb vran\u00eb more n\u00eb fush\u00eb, e kupton apo jo? M\u00eb gjuajt\u00ebn si mund\u00ebn, sa mund\u00ebn, me \u00e7far\u00eb kishin n\u00eb dor\u00eb.&#8221;<\/em>, tha Hamiti.<\/span><\/p>\n<p><span style=\"color: #000000;\">Gjyqtari tha se tanim\u00eb \u00ebsht\u00eb m\u00eb mir\u00eb, ndjen dhimbje n\u00eb kok\u00eb dhe n\u00eb qaf\u00eb, por mjek\u00ebt i kan\u00eb th\u00ebn\u00eb se mund t\u00eb rrij\u00eb n\u00eb sht\u00ebpi.<\/span><\/p>\n<p><span style=\"color: #000000;\">Por n\u00ebse ka di\u00e7ka p\u00ebr t\u00eb cil\u00ebn ai \u00ebsht\u00eb shqet\u00ebsuar \u00ebsht\u00eb familja. Mbi t\u00eb gjitha djali 5 vje\u00e7 dhe gruaja shtatz\u00ebn\u00eb.<\/span><\/p>\n<p><span style=\"color: #000000;\"><em>&#8220;Po si mund t\u00eb qet\u00ebsohen kur t\u00eb shohin ashtu \u201clive\u201d n\u00eb televizor. Ishte padrejt\u00ebsi e madhe, ishte nj\u00eb maskarad\u00eb. Un\u00eb kam gruan shtatz\u00ebn\u00eb dhe nj\u00eb djal\u00eb t\u00eb vog\u00ebl 5 vje\u00e7. E kuptoni ju, \u00e7far\u00eb kan\u00eb p\u00ebrjetuar ata sot (dje) s\u00eb bashku me pjes\u00ebtar\u00ebt e tjer\u00eb t\u00eb familjes?&#8221;,<\/em> jan\u00eb fjal\u00ebt e Hamitit.<\/span><\/p>\n<p>&nbsp;<\/p>\n","protected":false,"gt_translate_keys":[{"key":"rendered","format":"html"}]},"excerpt":{"rendered":"<p>Gjyqtari Eldorjan Hamiti, i cili ra dje pre e dhun\u00ebs n\u00eb takimin e fundit mes Kamz\u00ebs dhe La\u00e7it. N\u00eb nj\u00eb intervist\u00eb p\u00ebr gazet\u00ebn &#8220;Panorama Sport&#8221;, Hamiti ka deklaruar se n\u00eb at\u00eb fush\u00eb dje \u00ebsht\u00eb ndier\u00eb i vrar\u00eb: fizikisht, moralisht dhe profesionalisht. Ai deklaron se nuk ka asnj\u00eb peng n\u00eb nd\u00ebrgjegje, sepse penalltia ishte e past\u00ebr, [&hellip;]<\/p>\n","protected":false,"gt_translate_keys":[{"key":"rendered","format":"html"}]},"author":30,"featured_media":279531,"comment_status":"open","ping_status":"open","sticky":false,"template":"","format":"standard","meta":{"footnotes":""},"categories":[65,13],"tags":[],"class_list":["post-279530","post","type-post","status-publish","format-standard","has-post-thumbnail","hentry","category-lajme","category-te-fundit"],"gt_translate_keys":[{"key":"link","format":"url"}],"_links":{"self":[{"href":"https:\/\/www.hashtag.al\/index.php\/wp-json\/wp\/v2\/posts\/279530","targetHints":{"allow":["GET"]}}],"collection":[{"href":"https:\/\/www.hashtag.al\/index.php\/wp-json\/wp\/v2\/posts"}],"about":[{"href":"https:\/\/www.hashtag.al\/index.php\/wp-json\/wp\/v2\/types\/post"}],"author":[{"embeddable":true,"href":"https:\/\/www.hashtag.al\/index.php\/wp-json\/wp\/v2\/users\/30"}],"replies":[{"embeddable":true,"href":"https:\/\/www.hashtag.al\/index.php\/wp-json\/wp\/v2\/comments?post=279530"}],"version-history":[{"count":0,"href":"https:\/\/www.hashtag.al\/index.php\/wp-json\/wp\/v2\/posts\/279530\/revisions"}],"wp:featuredmedia":[{"embeddable":true,"href":"https:\/\/www.hashtag.al\/index.php\/wp-json\/wp\/v2\/media\/279531"}],"wp:attachment":[{"href":"https:\/\/www.hashtag.al\/index.php\/wp-json\/wp\/v2\/media?parent=279530"}],"wp:term":[{"taxonomy":"category","embeddable":true,"href":"https:\/\/www.hashtag.al\/index.php\/wp-json\/wp\/v2\/categories?post=279530"},{"taxonomy":"post_tag","embeddable":true,"href":"https:\/\/www.hashtag.al\/index.php\/wp-json\/wp\/v2\/tags?post=279530"}],"curies":[{"name":"wp","href":"https:\/\/api.w.org\/{rel}","templated":true}]}}