{"id":279220,"date":"2019-03-02T17:18:54","date_gmt":"2019-03-02T16:18:54","guid":{"rendered":"https:\/\/hashtag.al\/?p=279220"},"modified":"2019-03-02T17:18:54","modified_gmt":"2019-03-02T16:18:54","slug":"shkrumbohet-nga-flaket-shtepia-ne-gramsh","status":"publish","type":"post","link":"https:\/\/www.hashtag.al\/index.php\/2019\/03\/02\/shkrumbohet-nga-flaket-shtepia-ne-gramsh\/","title":{"rendered":"Shkrumbohet nga flak\u00ebt sht\u00ebpia n\u00eb Gramsh","gt_translate_keys":[{"key":"rendered","format":"text"}]},"content":{"rendered":"<p><img loading=\"lazy\" decoding=\"async\" class=\"aligncenter size-full wp-image-279221\" src=\"https:\/\/hashtag.al\/wp-content\/uploads\/2019\/03\/auto_zjarr1551542977.jpg\" alt=\"\" width=\"900\" height=\"538\" srcset=\"https:\/\/www.hashtag.al\/wp-content\/uploads\/2019\/03\/auto_zjarr1551542977.jpg 900w, https:\/\/www.hashtag.al\/wp-content\/uploads\/2019\/03\/auto_zjarr1551542977-300x179.jpg 300w, https:\/\/www.hashtag.al\/wp-content\/uploads\/2019\/03\/auto_zjarr1551542977-768x459.jpg 768w\" sizes=\"auto, (max-width: 900px) 100vw, 900px\" \/><\/p>\n<p><span style=\"color: #000000;\">Sht\u00ebpia e nj\u00eb familjeje \u00ebsht\u00eb shkrumbuar nga zjarri n\u00eb fshatin Bulcar t\u00eb Gramshit.<\/span><\/p>\n<p><span style=\"color: #000000;\">Forcat e zjarrfik\u00ebses kan\u00eb mb\u00ebrritur n\u00eb vendngjarje por pa mundur t\u00eb shp\u00ebtojn\u00eb di\u00e7ka nga kjo banes\u00eb.<\/span><\/p>\n<p><span style=\"color: #000000;\">Kryefamiljari Ferdinant Bujku ka b\u00ebr\u00eb apel ndaj institucioneve si edhe ndaj t\u00eb gjith\u00eb atyre q\u00eb mund ta ndihmojn\u00eb me di\u00e7ka pasi t\u00eb ardhurat e tyre ekonomike jan\u00eb t\u00eb pamjaftueshme p\u00ebr t\u00eb gjetur nj\u00eb banes\u00eb tjet\u00ebr p\u00ebr t\u00eb jetuar.<\/span><\/p>\n<p>&nbsp;<\/p>\n","protected":false,"gt_translate_keys":[{"key":"rendered","format":"html"}]},"excerpt":{"rendered":"<p>Sht\u00ebpia e nj\u00eb familjeje \u00ebsht\u00eb shkrumbuar nga zjarri n\u00eb fshatin Bulcar t\u00eb Gramshit. Forcat e zjarrfik\u00ebses kan\u00eb mb\u00ebrritur n\u00eb vendngjarje por pa mundur t\u00eb shp\u00ebtojn\u00eb di\u00e7ka nga kjo banes\u00eb. Kryefamiljari Ferdinant Bujku ka b\u00ebr\u00eb apel ndaj institucioneve si edhe ndaj t\u00eb gjith\u00eb atyre q\u00eb mund ta ndihmojn\u00eb me di\u00e7ka pasi t\u00eb ardhurat e tyre ekonomike [&hellip;]<\/p>\n","protected":false,"gt_translate_keys":[{"key":"rendered","format":"html"}]},"author":32,"featured_media":279221,"comment_status":"open","ping_status":"open","sticky":false,"template":"","format":"standard","meta":{"footnotes":""},"categories":[65,13],"tags":[],"class_list":["post-279220","post","type-post","status-publish","format-standard","has-post-thumbnail","hentry","category-lajme","category-te-fundit"],"gt_translate_keys":[{"key":"link","format":"url"}],"_links":{"self":[{"href":"https:\/\/www.hashtag.al\/index.php\/wp-json\/wp\/v2\/posts\/279220","targetHints":{"allow":["GET"]}}],"collection":[{"href":"https:\/\/www.hashtag.al\/index.php\/wp-json\/wp\/v2\/posts"}],"about":[{"href":"https:\/\/www.hashtag.al\/index.php\/wp-json\/wp\/v2\/types\/post"}],"author":[{"embeddable":true,"href":"https:\/\/www.hashtag.al\/index.php\/wp-json\/wp\/v2\/users\/32"}],"replies":[{"embeddable":true,"href":"https:\/\/www.hashtag.al\/index.php\/wp-json\/wp\/v2\/comments?post=279220"}],"version-history":[{"count":0,"href":"https:\/\/www.hashtag.al\/index.php\/wp-json\/wp\/v2\/posts\/279220\/revisions"}],"wp:featuredmedia":[{"embeddable":true,"href":"https:\/\/www.hashtag.al\/index.php\/wp-json\/wp\/v2\/media\/279221"}],"wp:attachment":[{"href":"https:\/\/www.hashtag.al\/index.php\/wp-json\/wp\/v2\/media?parent=279220"}],"wp:term":[{"taxonomy":"category","embeddable":true,"href":"https:\/\/www.hashtag.al\/index.php\/wp-json\/wp\/v2\/categories?post=279220"},{"taxonomy":"post_tag","embeddable":true,"href":"https:\/\/www.hashtag.al\/index.php\/wp-json\/wp\/v2\/tags?post=279220"}],"curies":[{"name":"wp","href":"https:\/\/api.w.org\/{rel}","templated":true}]}}