{"id":279071,"date":"2019-03-01T23:24:29","date_gmt":"2019-03-01T22:24:29","guid":{"rendered":"https:\/\/hashtag.al\/?p=279071"},"modified":"2019-03-01T23:27:55","modified_gmt":"2019-03-01T22:27:55","slug":"ardi-veliu-con-policet-dere-me-dere-komentuesit-e-bejne-per-uje-te-ftohte","status":"publish","type":"post","link":"https:\/\/www.hashtag.al\/index.php\/2019\/03\/01\/ardi-veliu-con-policet-dere-me-dere-komentuesit-e-bejne-per-uje-te-ftohte\/","title":{"rendered":"Ardi Veliu \u00e7on polic\u00ebt der\u00eb m\u00eb der\u00eb, komentuesit &#8220;e b\u00ebjn\u00eb p\u00ebr uj\u00eb t\u00eb ftoht\u00eb&#8221;","gt_translate_keys":[{"key":"rendered","format":"text"}]},"content":{"rendered":"<p><img loading=\"lazy\" decoding=\"async\" class=\"aligncenter size-full wp-image-279073\" src=\"https:\/\/hashtag.al\/wp-content\/uploads\/2019\/03\/veliulledhaj-1.png\" alt=\"\" width=\"858\" height=\"536\" srcset=\"https:\/\/www.hashtag.al\/wp-content\/uploads\/2019\/03\/veliulledhaj-1.png 858w, https:\/\/www.hashtag.al\/wp-content\/uploads\/2019\/03\/veliulledhaj-1-300x187.png 300w, https:\/\/www.hashtag.al\/wp-content\/uploads\/2019\/03\/veliulledhaj-1-768x480.png 768w\" sizes=\"auto, (max-width: 858px) 100vw, 858px\" \/><\/p>\n<p><span style=\"color: #000000;\">Komentuesit kan\u00eb b\u00ebr\u00eb p\u00ebr uj\u00eb t\u00eb ftoht\u00eb ministrin e Brendsh\u00ebm Lleshaj dhe drejtorin e policis\u00eb, Veliu. <\/span><\/p>\n<p><span style=\"color: #000000;\">Dit\u00ebn e sotme, disa efektiv\u00eb policie vajt\u00ebn der\u00eb m\u00eb der\u00eb te bizneset pran\u00eb parlamentit, p\u00ebr t\u2019u k\u00ebrkuar ndjes\u00eb lidhur me gazin e p\u00ebrdorur ndaj protestuesve m\u00eb dat\u00eb 25 shkurt. <\/span><\/p>\n<p><span style=\"color: #000000;\">Nj\u00eb komentues shkruan se policia t\u00eb vret nat\u00ebn e t\u00eb qan dit\u00ebn. Nd\u00ebrsa nj\u00eb tjet\u00ebr shkruan se kjo \u00ebsht\u00eb e gjitha nj\u00eb propagand\u00eb dhe asgj\u00eb m\u00eb tep\u00ebr.<\/span><\/p>\n<p><span style=\"color: #000000;\">M\u00ebngjesin e sot\u00ebm efektiv\u00ebt trokit\u00ebn n\u00eb dyert e bizneseve p\u00ebr t\u00eb k\u00ebrkuar ndjes\u00eb p\u00ebr ta dhe klient\u00ebt e tyre, nd\u00ebrsa nga gazi i hedhur nga policia mbr\u00ebmjen e 25shkurtit u helmuan shum\u00eb qytetar\u00eb q\u00eb kalonin rrug\u00ebs madje edhe qindra metra larg vendit ku u b\u00eb protesta.<\/span><\/p>\n<p><img loading=\"lazy\" decoding=\"async\" class=\"aligncenter size-full wp-image-279074\" src=\"https:\/\/hashtag.al\/wp-content\/uploads\/2019\/03\/policia3.png\" alt=\"\" width=\"518\" height=\"581\" srcset=\"https:\/\/www.hashtag.al\/wp-content\/uploads\/2019\/03\/policia3.png 518w, https:\/\/www.hashtag.al\/wp-content\/uploads\/2019\/03\/policia3-267x300.png 267w\" sizes=\"auto, (max-width: 518px) 100vw, 518px\" \/> <img loading=\"lazy\" decoding=\"async\" class=\"aligncenter size-full wp-image-279075\" src=\"https:\/\/hashtag.al\/wp-content\/uploads\/2019\/03\/policia2.png\" alt=\"\" width=\"531\" height=\"258\" srcset=\"https:\/\/www.hashtag.al\/wp-content\/uploads\/2019\/03\/policia2.png 531w, https:\/\/www.hashtag.al\/wp-content\/uploads\/2019\/03\/policia2-300x146.png 300w\" sizes=\"auto, (max-width: 531px) 100vw, 531px\" \/> <img loading=\"lazy\" decoding=\"async\" class=\"aligncenter size-full wp-image-279076\" src=\"https:\/\/hashtag.al\/wp-content\/uploads\/2019\/03\/policia1.png\" alt=\"\" width=\"546\" height=\"409\" srcset=\"https:\/\/www.hashtag.al\/wp-content\/uploads\/2019\/03\/policia1.png 546w, https:\/\/www.hashtag.al\/wp-content\/uploads\/2019\/03\/policia1-300x225.png 300w\" sizes=\"auto, (max-width: 546px) 100vw, 546px\" \/><\/p>\n","protected":false,"gt_translate_keys":[{"key":"rendered","format":"html"}]},"excerpt":{"rendered":"<p>Komentuesit kan\u00eb b\u00ebr\u00eb p\u00ebr uj\u00eb t\u00eb ftoht\u00eb ministrin e Brendsh\u00ebm Lleshaj dhe drejtorin e policis\u00eb, Veliu. Dit\u00ebn e sotme, disa efektiv\u00eb policie vajt\u00ebn der\u00eb m\u00eb der\u00eb te bizneset pran\u00eb parlamentit, p\u00ebr t\u2019u k\u00ebrkuar ndjes\u00eb lidhur me gazin e p\u00ebrdorur ndaj protestuesve m\u00eb dat\u00eb 25 shkurt. Nj\u00eb komentues shkruan se policia t\u00eb vret nat\u00ebn e t\u00eb [&hellip;]<\/p>\n","protected":false,"gt_translate_keys":[{"key":"rendered","format":"html"}]},"author":51,"featured_media":279072,"comment_status":"open","ping_status":"open","sticky":false,"template":"","format":"standard","meta":{"footnotes":""},"categories":[65,13],"tags":[],"class_list":["post-279071","post","type-post","status-publish","format-standard","has-post-thumbnail","hentry","category-lajme","category-te-fundit"],"gt_translate_keys":[{"key":"link","format":"url"}],"_links":{"self":[{"href":"https:\/\/www.hashtag.al\/index.php\/wp-json\/wp\/v2\/posts\/279071","targetHints":{"allow":["GET"]}}],"collection":[{"href":"https:\/\/www.hashtag.al\/index.php\/wp-json\/wp\/v2\/posts"}],"about":[{"href":"https:\/\/www.hashtag.al\/index.php\/wp-json\/wp\/v2\/types\/post"}],"author":[{"embeddable":true,"href":"https:\/\/www.hashtag.al\/index.php\/wp-json\/wp\/v2\/users\/51"}],"replies":[{"embeddable":true,"href":"https:\/\/www.hashtag.al\/index.php\/wp-json\/wp\/v2\/comments?post=279071"}],"version-history":[{"count":0,"href":"https:\/\/www.hashtag.al\/index.php\/wp-json\/wp\/v2\/posts\/279071\/revisions"}],"wp:featuredmedia":[{"embeddable":true,"href":"https:\/\/www.hashtag.al\/index.php\/wp-json\/wp\/v2\/media\/279072"}],"wp:attachment":[{"href":"https:\/\/www.hashtag.al\/index.php\/wp-json\/wp\/v2\/media?parent=279071"}],"wp:term":[{"taxonomy":"category","embeddable":true,"href":"https:\/\/www.hashtag.al\/index.php\/wp-json\/wp\/v2\/categories?post=279071"},{"taxonomy":"post_tag","embeddable":true,"href":"https:\/\/www.hashtag.al\/index.php\/wp-json\/wp\/v2\/tags?post=279071"}],"curies":[{"name":"wp","href":"https:\/\/api.w.org\/{rel}","templated":true}]}}