{"id":278920,"date":"2019-03-01T13:30:18","date_gmt":"2019-03-01T12:30:18","guid":{"rendered":"https:\/\/hashtag.al\/?p=278920"},"modified":"2019-03-01T12:32:49","modified_gmt":"2019-03-01T11:32:49","slug":"debatet-mes-nante-s-dhe-cardiff-it-publikohen-mesazhet-e-sala-s-ne-whatsapp","status":"publish","type":"post","link":"https:\/\/www.hashtag.al\/index.php\/2019\/03\/01\/debatet-mes-nante-s-dhe-cardiff-it-publikohen-mesazhet-e-sala-s-ne-whatsapp\/","title":{"rendered":"Debatet mes Nante-s dhe Cardiff-it, publikohen mesazhet e Sala-s n\u00eb &#8220;WhatsApp&#8221;","gt_translate_keys":[{"key":"rendered","format":"text"}]},"content":{"rendered":"<p><span style=\"color: #000000;\"><img loading=\"lazy\" decoding=\"async\" class=\"aligncenter size-full wp-image-278922\" src=\"https:\/\/hashtag.al\/wp-content\/uploads\/2019\/03\/sala.jpg\" alt=\"\" width=\"634\" height=\"444\" srcset=\"https:\/\/www.hashtag.al\/wp-content\/uploads\/2019\/03\/sala.jpg 634w, https:\/\/www.hashtag.al\/wp-content\/uploads\/2019\/03\/sala-300x210.jpg 300w\" sizes=\"auto, (max-width: 634px) 100vw, 634px\" \/><\/span><\/p>\n<p><span style=\"color: #000000;\">Nj\u00eb seri mesazhesh n\u00eb \u201cWhatsApp\u201d jan\u00eb publikuar, n\u00eb vazhd\u00ebn e debateve lidhur me Emiliano Sala-n, menaxherin e tiij Willie McKay dhe klubin e Cardiff-it.<\/span><\/p>\n<p><span style=\"color: #000000;\">Menaxheri i futbollistit, Willi McKay, n\u00eb nj\u00eb intervist\u00eb p\u00ebr BBC, akuzoi klubin e Uellsit se nuk u interesua aspak p\u00ebr blerjen e re dhe m\u00eb t\u00eb r\u00ebnd\u00ebsishme t\u00eb merkatos duke mos u interesuar t\u2019i gjenin nj\u00eb avion.<\/span><\/p>\n<p><span style=\"color: #000000;\"><em>\u201cM\u00eb dukej se askush nga Kardif Siti nuk donte t\u00eb b\u00ebnt\u00eb di\u00e7ka. Ishte e sikletshme. Blen\u00eb nj\u00eb lojtar p\u00ebr 17 milion st\u00ebrlina dhe e lan\u00eb n\u00eb hotel t\u00eb gjente vet\u00eb nj\u00eb avion\u201d<\/em>, ka th\u00ebn\u00eb McKay p\u00ebr BBC.<\/span><\/p>\n<p><span style=\"color: #000000;\">Mir\u00ebpo pas k\u00ebtyre deklaratave, kan\u00eb qarkulluar disa mesazhe n\u00eb \u201cwhattsapp\u201d t\u00eb shk\u00ebmbyera mes Emiliano Sala dhe zyrtarit q\u00eb merret me transfertat e lojtar\u00ebve n\u00eb klubin e Kardifit.<\/span><\/p>\n<p><span style=\"color: #000000;\">Mesazhet tregojn\u00eb se Emiliano Sala-s i ishte ofruar t\u00eb udh\u00ebtonte me nj\u00eb avion komercial, por ai kishte refuzuar.<\/span><\/p>\n<p><span style=\"color: #000000;\">Madje Sala tregon me mesazhe se agjenti i tij \u00cbilli McKay i kishte prenotuar avionin dhe fluturimin privat, q\u00eb m\u00eb pas i mori dhe jet\u00ebn.<\/span><\/p>\n<p><span style=\"color: #000000;\">Kujtojm\u00eb se Nanta dhe Cardiffi do t\u00eb ballafaqohen n\u00eb FIFA p\u00ebr t\u00eb zgjidhur p\u00ebrfundimisht \u00e7\u00ebshtjen e parave t\u00eb transferimit t\u00eb lojtarit. Nanta k\u00ebrkon shum\u00ebn e plot\u00eb si\u00e7 ishte r\u00ebn\u00eb dakord n\u00eb fillim, por Cardiff nuk \u00ebsht\u00eb dakord.<\/span><\/p>\n<p>&nbsp;<\/p>\n<p><img loading=\"lazy\" decoding=\"async\" class=\"aligncenter size-full wp-image-278924\" src=\"https:\/\/hashtag.al\/wp-content\/uploads\/2019\/03\/sms-1.jpg\" alt=\"\" width=\"634\" height=\"1133\" srcset=\"https:\/\/www.hashtag.al\/wp-content\/uploads\/2019\/03\/sms-1.jpg 634w, https:\/\/www.hashtag.al\/wp-content\/uploads\/2019\/03\/sms-1-168x300.jpg 168w, https:\/\/www.hashtag.al\/wp-content\/uploads\/2019\/03\/sms-1-573x1024.jpg 573w\" sizes=\"auto, (max-width: 634px) 100vw, 634px\" \/> <img loading=\"lazy\" decoding=\"async\" class=\"aligncenter size-full wp-image-278923\" src=\"https:\/\/hashtag.al\/wp-content\/uploads\/2019\/03\/sms-2.jpg\" alt=\"\" width=\"634\" height=\"1123\" srcset=\"https:\/\/www.hashtag.al\/wp-content\/uploads\/2019\/03\/sms-2.jpg 634w, https:\/\/www.hashtag.al\/wp-content\/uploads\/2019\/03\/sms-2-169x300.jpg 169w, https:\/\/www.hashtag.al\/wp-content\/uploads\/2019\/03\/sms-2-578x1024.jpg 578w\" sizes=\"auto, (max-width: 634px) 100vw, 634px\" \/><\/p>\n","protected":false,"gt_translate_keys":[{"key":"rendered","format":"html"}]},"excerpt":{"rendered":"<p>Nj\u00eb seri mesazhesh n\u00eb \u201cWhatsApp\u201d jan\u00eb publikuar, n\u00eb vazhd\u00ebn e debateve lidhur me Emiliano Sala-n, menaxherin e tiij Willie McKay dhe klubin e Cardiff-it. Menaxheri i futbollistit, Willi McKay, n\u00eb nj\u00eb intervist\u00eb p\u00ebr BBC, akuzoi klubin e Uellsit se nuk u interesua aspak p\u00ebr blerjen e re dhe m\u00eb t\u00eb r\u00ebnd\u00ebsishme t\u00eb merkatos duke mos [&hellip;]<\/p>\n","protected":false,"gt_translate_keys":[{"key":"rendered","format":"html"}]},"author":30,"featured_media":278922,"comment_status":"open","ping_status":"open","sticky":false,"template":"","format":"standard","meta":{"footnotes":""},"categories":[53],"tags":[],"class_list":["post-278920","post","type-post","status-publish","format-standard","has-post-thumbnail","hentry","category-fast-foodi"],"gt_translate_keys":[{"key":"link","format":"url"}],"_links":{"self":[{"href":"https:\/\/www.hashtag.al\/index.php\/wp-json\/wp\/v2\/posts\/278920","targetHints":{"allow":["GET"]}}],"collection":[{"href":"https:\/\/www.hashtag.al\/index.php\/wp-json\/wp\/v2\/posts"}],"about":[{"href":"https:\/\/www.hashtag.al\/index.php\/wp-json\/wp\/v2\/types\/post"}],"author":[{"embeddable":true,"href":"https:\/\/www.hashtag.al\/index.php\/wp-json\/wp\/v2\/users\/30"}],"replies":[{"embeddable":true,"href":"https:\/\/www.hashtag.al\/index.php\/wp-json\/wp\/v2\/comments?post=278920"}],"version-history":[{"count":0,"href":"https:\/\/www.hashtag.al\/index.php\/wp-json\/wp\/v2\/posts\/278920\/revisions"}],"wp:featuredmedia":[{"embeddable":true,"href":"https:\/\/www.hashtag.al\/index.php\/wp-json\/wp\/v2\/media\/278922"}],"wp:attachment":[{"href":"https:\/\/www.hashtag.al\/index.php\/wp-json\/wp\/v2\/media?parent=278920"}],"wp:term":[{"taxonomy":"category","embeddable":true,"href":"https:\/\/www.hashtag.al\/index.php\/wp-json\/wp\/v2\/categories?post=278920"},{"taxonomy":"post_tag","embeddable":true,"href":"https:\/\/www.hashtag.al\/index.php\/wp-json\/wp\/v2\/tags?post=278920"}],"curies":[{"name":"wp","href":"https:\/\/api.w.org\/{rel}","templated":true}]}}