{"id":278914,"date":"2019-03-01T12:04:42","date_gmt":"2019-03-01T11:04:42","guid":{"rendered":"https:\/\/hashtag.al\/?p=278914"},"modified":"2019-03-01T12:04:42","modified_gmt":"2019-03-01T11:04:42","slug":"thaci-lojera-fjalesh-jo-shkembim-territoresh-po-korrigjim-kufijsh","status":"publish","type":"post","link":"https:\/\/www.hashtag.al\/index.php\/2019\/03\/01\/thaci-lojera-fjalesh-jo-shkembim-territoresh-po-korrigjim-kufijsh\/","title":{"rendered":"Tha\u00e7i \u201cloj\u00ebra fjal\u00ebsh\u201d: Jo shk\u00ebmbim territoresh, po korrigjim kufijsh","gt_translate_keys":[{"key":"rendered","format":"text"}]},"content":{"rendered":"<p><span style=\"color: #000000;\"><img loading=\"lazy\" decoding=\"async\" class=\"aligncenter size-full wp-image-226855\" src=\"https:\/\/hashtag.al\/wp-content\/uploads\/2018\/08\/thaci.jpg\" alt=\"\" width=\"633\" height=\"347\" \/><\/span><\/p>\n<p><span style=\"color: #000000;\">N\u00eb Samitin e Diaspor\u00ebs q\u00eb mbahet sot, presidenti i Kosov\u00ebs Hashim Tha\u00e7i ka deklaruar se kurr\u00eb nuk do ket\u00eb shk\u00ebmbim territoresh mes Kosov\u00ebs dhe Serbis\u00eb.<\/span><\/p>\n<p><span style=\"color: #000000;\">Ai madje tha se shk\u00ebmbimi i territoreve mes Serbis\u00eb dhe Kosov\u00ebs \u00ebsht\u00eb &#8220;Pazar&#8221; dhe nuk do ta lejoj\u00eb nj\u00eb gj\u00eb t\u00eb till\u00eb. Por ai shtoi se korrigjim kufijsh duhet t\u00eb b\u00ebhet, pa c\u00ebnuar territorin e vendit.<\/span><\/p>\n<p><span style=\"color: #000000;\"><em>\u00a0\u201cShk\u00ebmbimi i territoreve. Keni d\u00ebgjuar shum\u00eb k\u00ebto, por kurr\u00eb nuk do t\u00eb ndodh\u00eb. Shk\u00ebmbimi i territoreve \u00ebsht\u00eb pazar dhe dhe askush nuk do t\u00eb lejohet t\u00eb b\u00ebj\u00eb pazar me kauz\u00eb komb\u00ebtare. Ndarja e Kosov\u00ebs pa shkelur n\u00eb trupin tim, nuk do mund ta cenoj askush, asnj\u00eb pjes\u00eb t\u00eb territorit t\u00eb Kosov\u00ebs. P\u00ebr ndarje t\u00eb Kosov\u00ebs, ata q\u00eb flasin sot jan\u00eb ata q\u00eb e kan\u00eb ndihmuar Milloshevi\u00e7it, t\u00eb cil\u00ebt i kam d\u00ebbuar nga Kosova. Askush nuk do mund t\u00eb cenoj\u00eb as Trep\u00e7\u00ebn, as Kosov\u00ebn dhe asnj\u00eb pjes\u00eb t\u00eb territorit t\u00eb Kosov\u00ebs. Ata q\u00eb flasin p\u00ebr ndarje t\u00eb Kosov\u00ebn jan\u00eb miq t\u00eb Milloshevic. Korrigjim t\u00eb kufijve , po, por pa u cenuar territori\u00a0 Kosov\u00ebs.\u201d-<\/em> tha Tha\u00e7i.<\/span><\/p>\n","protected":false,"gt_translate_keys":[{"key":"rendered","format":"html"}]},"excerpt":{"rendered":"<p>N\u00eb Samitin e Diaspor\u00ebs q\u00eb mbahet sot, presidenti i Kosov\u00ebs Hashim Tha\u00e7i ka deklaruar se kurr\u00eb nuk do ket\u00eb shk\u00ebmbim territoresh mes Kosov\u00ebs dhe Serbis\u00eb. Ai madje tha se shk\u00ebmbimi i territoreve mes Serbis\u00eb dhe Kosov\u00ebs \u00ebsht\u00eb &#8220;Pazar&#8221; dhe nuk do ta lejoj\u00eb nj\u00eb gj\u00eb t\u00eb till\u00eb. Por ai shtoi se korrigjim kufijsh duhet t\u00eb [&hellip;]<\/p>\n","protected":false,"gt_translate_keys":[{"key":"rendered","format":"html"}]},"author":30,"featured_media":182579,"comment_status":"open","ping_status":"open","sticky":false,"template":"","format":"standard","meta":{"footnotes":""},"categories":[65,13],"tags":[],"class_list":["post-278914","post","type-post","status-publish","format-standard","has-post-thumbnail","hentry","category-lajme","category-te-fundit"],"gt_translate_keys":[{"key":"link","format":"url"}],"_links":{"self":[{"href":"https:\/\/www.hashtag.al\/index.php\/wp-json\/wp\/v2\/posts\/278914","targetHints":{"allow":["GET"]}}],"collection":[{"href":"https:\/\/www.hashtag.al\/index.php\/wp-json\/wp\/v2\/posts"}],"about":[{"href":"https:\/\/www.hashtag.al\/index.php\/wp-json\/wp\/v2\/types\/post"}],"author":[{"embeddable":true,"href":"https:\/\/www.hashtag.al\/index.php\/wp-json\/wp\/v2\/users\/30"}],"replies":[{"embeddable":true,"href":"https:\/\/www.hashtag.al\/index.php\/wp-json\/wp\/v2\/comments?post=278914"}],"version-history":[{"count":0,"href":"https:\/\/www.hashtag.al\/index.php\/wp-json\/wp\/v2\/posts\/278914\/revisions"}],"wp:featuredmedia":[{"embeddable":true,"href":"https:\/\/www.hashtag.al\/index.php\/wp-json\/"}],"wp:attachment":[{"href":"https:\/\/www.hashtag.al\/index.php\/wp-json\/wp\/v2\/media?parent=278914"}],"wp:term":[{"taxonomy":"category","embeddable":true,"href":"https:\/\/www.hashtag.al\/index.php\/wp-json\/wp\/v2\/categories?post=278914"},{"taxonomy":"post_tag","embeddable":true,"href":"https:\/\/www.hashtag.al\/index.php\/wp-json\/wp\/v2\/tags?post=278914"}],"curies":[{"name":"wp","href":"https:\/\/api.w.org\/{rel}","templated":true}]}}