{"id":278898,"date":"2019-03-01T11:10:32","date_gmt":"2019-03-01T10:10:32","guid":{"rendered":"https:\/\/hashtag.al\/?p=278898"},"modified":"2019-03-01T11:11:58","modified_gmt":"2019-03-01T10:11:58","slug":"ish-ambasadoret-kunder-fleckenstein-nuk-vlen-sdo-ta-emeronim-as-ambasador-te-thjeshte","status":"publish","type":"post","link":"https:\/\/www.hashtag.al\/index.php\/2019\/03\/01\/ish-ambasadoret-kunder-fleckenstein-nuk-vlen-sdo-ta-emeronim-as-ambasador-te-thjeshte\/","title":{"rendered":"Ish-ambasador\u00ebt kund\u00ebr Fleckenstein: Nuk vlen, s&#8217;do ta em\u00ebronim as ambasador t\u00eb thjesht\u00eb","gt_translate_keys":[{"key":"rendered","format":"text"}]},"content":{"rendered":"<p><img loading=\"lazy\" decoding=\"async\" class=\"aligncenter size-full wp-image-278899\" src=\"https:\/\/hashtag.al\/wp-content\/uploads\/2019\/03\/Alicka-Berisha.jpg\" alt=\"\" width=\"2000\" height=\"1200\" srcset=\"https:\/\/www.hashtag.al\/wp-content\/uploads\/2019\/03\/Alicka-Berisha.jpg 2000w, https:\/\/www.hashtag.al\/wp-content\/uploads\/2019\/03\/Alicka-Berisha-300x180.jpg 300w, https:\/\/www.hashtag.al\/wp-content\/uploads\/2019\/03\/Alicka-Berisha-768x461.jpg 768w, https:\/\/www.hashtag.al\/wp-content\/uploads\/2019\/03\/Alicka-Berisha-1024x614.jpg 1024w\" sizes=\"auto, (max-width: 2000px) 100vw, 2000px\" \/><\/p>\n<p><span style=\"color: #000000;\">Dy ish-ambarador\u00ebt e Shqip\u00ebris\u00eb, Ylljet Ali\u00e7ka, dikur ambasador i Shqip\u00ebris\u00eb n\u00eb Franc\u00eb dhe Mal Berisha, dikur ambasador n\u00eb Britanin\u00eb e Madhe, kan\u00eb analizuar vizit\u00ebn dhe deklaratat e 7 eurodeputet\u00ebve n\u00eb Shqip\u00ebri gjat\u00eb dit\u00ebs s\u00eb enjte.<\/span><\/p>\n<p><span style=\"color: #000000;\">Nd\u00ebrsa ishin t\u00eb ftuar n\u00eb emisionin \u201cDebati n\u00eb Channel One\u201d t\u00eb gazetarit Roland Qafoku, Ali\u00e7ka dhe Berisha e konsiderojn\u00eb emancimim t\u00eb politik\u00ebs shqiptare kur nuk bie dakord me \u00e7do gj\u00eb q\u00eb thon\u00eb t\u00eb huajt\u00eb.\u00a0<\/span><\/p>\n<p><span style=\"color: #000000;\"><em>\u00a0\u201cPolitika shqiptare \u00ebsht\u00eb n\u00eb evolucionin e saj, me ulje -ngritjet e saj. \u00cbsht\u00eb hera e par\u00eb q\u00eb d\u00ebgjohet nga nd\u00ebrkomb\u00ebtar\u00ebt\u00a0\u00a0 q\u00eb situata \u00ebsht\u00eb kaq e drunjt\u00eb.\u00a0 N\u00eb vendimmarrjen e nd\u00ebrkomb\u00ebtar\u00ebve n\u00eb Shqip\u00ebri , ndikojn\u00eb shum\u00eb edhe element\u00ebt emocional\u00ebn dhe individual\u00eb t\u00eb personave.\u00a0 Flas n\u00eb p\u00ebrgjith\u00ebsi, mund t\u00eb jet\u00eb edhe rasti konkret.\u00a0 Ishte hera e par\u00eb q\u00eb \u00ebsht\u00eb kaq n\u00eb kund\u00ebrshtim me opozit\u00ebn. Duket se \u00ebsht\u00eb nj\u00eb form\u00eb emancipimi mosdh\u00ebnia e r\u00ebnd\u00ebsis\u00eb s\u00eb madhe ndaj opinionit t\u00eb nd\u00ebrkomb\u00ebtare koh\u00ebt e fundit. Shqiptar\u00ebt e njohin m\u00eb mir\u00eb vendin e tyre sesa e njeh nj\u00eb i huaj.\u00a0 E marr si shenj\u00eb emancipimi t\u00eb mos marr\u00ebsh n\u00eb m\u00ebnyr\u00eb t\u00eb verb\u00ebr \u00e7do gj\u00eb q\u00eb thon\u00eb nd\u00ebrkomb\u00ebtar\u00ebt\u201d,<\/em> tha Ali\u00e7ka.<\/span><\/p>\n<p><span style=\"color: #000000;\">Ish-ambasadori i Shqip\u00ebris\u00eb n\u00eb Britanin\u00eb e Madhe, Mal Berisha, nga ana tjet\u00ebr, ka sulmuar ashp\u00ebr eurodeputetin Knut Fleckenstein.<\/span><\/p>\n<p><span style=\"color: #000000;\">Berisha tha se e njeh shum\u00eb mir\u00eb diplomatin gjerman por nuk ka ndonj\u00eb vler\u00ebsim p\u00ebr t\u00eb.<\/span><\/p>\n<p><span style=\"color: #000000;\"><em>\u201cPo t\u00eb isha n\u00eb aft\u00ebsin\u00eb vendimmarr\u00ebse t\u00eb atij djalit (p\u00ebr zv.ministrin e PEJ q\u00eb ishte prezent n\u00eb panel) dhe ta kisha punonj\u00ebs Fleckensteinin,\u00a0 nuk do e \u00e7oja ambasador n\u00eb asnj\u00eb vend\u00a0 t\u00eb Shqip\u00ebris\u00eb, n\u00eb asnj\u00eb ambasad\u00eb t\u00eb Shqip\u00ebris\u00eb.\u00a0 Ne kemi nj\u00eb shprehje: N\u00eb\u00a0 nj\u00eb sof\u00ebr ku han\u00eb\u00a0 dhe nuk t\u00eb japin, t\u00eb l\u00ebn\u00eb atje, n\u00eb nj\u00eb mexhlis ku flasin dhe nuk t\u00eb d\u00ebgjojn\u00eb\u00a0 duhet t\u00eb largohesh menj\u00ebher\u00eb.\u00a0 Kjo \u00ebsht\u00eb situata n\u00eb Shqip\u00ebri. K\u00ebtu b\u00ebhen aq shum\u00eb gj\u00ebra t\u00eb papranueshme . Opozita ka shum\u00eb t\u00eb drejt\u00eb dhe kjo q\u00eb b\u00ebri \u00ebsht\u00eb shum\u00eb e vonuar.\u00a0 P\u00ebr mendimin tim l\u00ebnia e mandateve \u00ebsht\u00eb rruga m\u00eb normale sepse nuk kishte rrug\u00eb tjet\u00ebr\u201d,<\/em> jan\u00eb fjal\u00ebt q\u00eb Berisha p\u00ebrdor.<\/span><\/p>\n<p>&nbsp;<\/p>\n","protected":false,"gt_translate_keys":[{"key":"rendered","format":"html"}]},"excerpt":{"rendered":"<p>Dy ish-ambarador\u00ebt e Shqip\u00ebris\u00eb, Ylljet Ali\u00e7ka, dikur ambasador i Shqip\u00ebris\u00eb n\u00eb Franc\u00eb dhe Mal Berisha, dikur ambasador n\u00eb Britanin\u00eb e Madhe, kan\u00eb analizuar vizit\u00ebn dhe deklaratat e 7 eurodeputet\u00ebve n\u00eb Shqip\u00ebri gjat\u00eb dit\u00ebs s\u00eb enjte. Nd\u00ebrsa ishin t\u00eb ftuar n\u00eb emisionin \u201cDebati n\u00eb Channel One\u201d t\u00eb gazetarit Roland Qafoku, Ali\u00e7ka dhe Berisha e konsiderojn\u00eb emancimim [&hellip;]<\/p>\n","protected":false,"gt_translate_keys":[{"key":"rendered","format":"html"}]},"author":30,"featured_media":278900,"comment_status":"open","ping_status":"open","sticky":false,"template":"","format":"standard","meta":{"footnotes":""},"categories":[65],"tags":[],"class_list":["post-278898","post","type-post","status-publish","format-standard","has-post-thumbnail","hentry","category-lajme"],"gt_translate_keys":[{"key":"link","format":"url"}],"_links":{"self":[{"href":"https:\/\/www.hashtag.al\/index.php\/wp-json\/wp\/v2\/posts\/278898","targetHints":{"allow":["GET"]}}],"collection":[{"href":"https:\/\/www.hashtag.al\/index.php\/wp-json\/wp\/v2\/posts"}],"about":[{"href":"https:\/\/www.hashtag.al\/index.php\/wp-json\/wp\/v2\/types\/post"}],"author":[{"embeddable":true,"href":"https:\/\/www.hashtag.al\/index.php\/wp-json\/wp\/v2\/users\/30"}],"replies":[{"embeddable":true,"href":"https:\/\/www.hashtag.al\/index.php\/wp-json\/wp\/v2\/comments?post=278898"}],"version-history":[{"count":0,"href":"https:\/\/www.hashtag.al\/index.php\/wp-json\/wp\/v2\/posts\/278898\/revisions"}],"wp:featuredmedia":[{"embeddable":true,"href":"https:\/\/www.hashtag.al\/index.php\/wp-json\/wp\/v2\/media\/278900"}],"wp:attachment":[{"href":"https:\/\/www.hashtag.al\/index.php\/wp-json\/wp\/v2\/media?parent=278898"}],"wp:term":[{"taxonomy":"category","embeddable":true,"href":"https:\/\/www.hashtag.al\/index.php\/wp-json\/wp\/v2\/categories?post=278898"},{"taxonomy":"post_tag","embeddable":true,"href":"https:\/\/www.hashtag.al\/index.php\/wp-json\/wp\/v2\/tags?post=278898"}],"curies":[{"name":"wp","href":"https:\/\/api.w.org\/{rel}","templated":true}]}}