{"id":278866,"date":"2019-03-01T09:30:39","date_gmt":"2019-03-01T08:30:39","guid":{"rendered":"https:\/\/hashtag.al\/?p=278866"},"modified":"2019-03-01T09:30:39","modified_gmt":"2019-03-01T08:30:39","slug":"ilir-meta-takon-sekretarin-e-liges-arabe-foto","status":"publish","type":"post","link":"https:\/\/www.hashtag.al\/index.php\/2019\/03\/01\/ilir-meta-takon-sekretarin-e-liges-arabe-foto\/","title":{"rendered":"Ilir Meta takon sekretarin e Lig\u00ebs Arabe (FOTO)","gt_translate_keys":[{"key":"rendered","format":"text"}]},"content":{"rendered":"<p><span style=\"color: #000000;\"><img loading=\"lazy\" decoding=\"async\" class=\"aligncenter size-full wp-image-278867\" src=\"https:\/\/hashtag.al\/wp-content\/uploads\/2019\/03\/meta-2.jpg\" alt=\"\" width=\"670\" height=\"450\" srcset=\"https:\/\/www.hashtag.al\/wp-content\/uploads\/2019\/03\/meta-2.jpg 670w, https:\/\/www.hashtag.al\/wp-content\/uploads\/2019\/03\/meta-2-300x201.jpg 300w\" sizes=\"auto, (max-width: 670px) 100vw, 670px\" \/><\/span><\/p>\n<p><span style=\"color: #000000;\">Presidenti i Republik\u00ebs, Ilir Meta n\u00eb kuad\u00ebr t\u00eb vizit\u00ebs s\u00eb tij n\u00eb Egjipt, \u00ebsht\u00eb takuar me Sekretarin e P\u00ebrgjithsh\u00ebm i Lig\u00ebs Arabe, Ahmed Aboul Gheit.<\/span><\/p>\n<p><span style=\"color: #000000;\">Gjat\u00eb k\u00ebtij takimi, Meta shprehu vler\u00ebsimin p\u00ebr bashk\u00ebpunimin e Shqip\u00ebris\u00eb me vendet an\u00ebtare t\u00eb Lig\u00ebs Arabe.<\/span><\/p>\n<p><span style=\"color: #000000;\">Meta p\u00ebrg\u00ebzoi Gheit p\u00ebr zhvillimin me sukses t\u00eb Samitit t\u00eb par\u00eb mes Lig\u00ebs Arabe dhe Bashkimit Europian, duke hapur nj\u00eb kapitull t\u00eb ri p\u00ebr bashk\u00ebpunimin n\u00eb t\u00eb ardhmen.<\/span><\/p>\n<p><span style=\"color: #000000;\"><em>\u201cSi vend kandidat p\u00ebr n\u00eb Bashkimin Europian dhe si vend mik me vendet e Lig\u00ebs Arabe, Shqip\u00ebria \u00ebsht\u00eb shum\u00eb e interesuar q\u00eb ky bashk\u00ebpunim t\u00eb forcohet gjithnj\u00eb e m\u00eb shum\u00eb\u201d<\/em> \u2013 u shpreh Presidenti Meta.<\/span><\/p>\n<p><span style=\"color: #000000;\">Nd\u00ebr t\u00eb tjera, Meta e njohu Gheit me zhvillimet m\u00eb t\u00eb fundit pozitive n\u00eb rajonin e Ballkanit, si dhe orientimin e vendeve t\u00eb tij drejt Bashkimit Europian dhe NATO-s.<\/span><\/p>\n<p><span style=\"color: #000000;\">Meta dhe Gheit diskutuan p\u00ebr sfidat me t\u00eb cilat po p\u00ebrballen aktualisht dy rajonet, ai i Ballkanit Per\u00ebndimor dhe i Lig\u00ebs Arabe.<img loading=\"lazy\" decoding=\"async\" class=\"aligncenter size-full wp-image-278868\" src=\"https:\/\/hashtag.al\/wp-content\/uploads\/2019\/03\/meta-e.jpg\" alt=\"\" width=\"494\" height=\"350\" srcset=\"https:\/\/www.hashtag.al\/wp-content\/uploads\/2019\/03\/meta-e.jpg 494w, https:\/\/www.hashtag.al\/wp-content\/uploads\/2019\/03\/meta-e-300x213.jpg 300w\" sizes=\"auto, (max-width: 494px) 100vw, 494px\" \/><\/span><\/p>\n","protected":false,"gt_translate_keys":[{"key":"rendered","format":"html"}]},"excerpt":{"rendered":"<p>Presidenti i Republik\u00ebs, Ilir Meta n\u00eb kuad\u00ebr t\u00eb vizit\u00ebs s\u00eb tij n\u00eb Egjipt, \u00ebsht\u00eb takuar me Sekretarin e P\u00ebrgjithsh\u00ebm i Lig\u00ebs Arabe, Ahmed Aboul Gheit. Gjat\u00eb k\u00ebtij takimi, Meta shprehu vler\u00ebsimin p\u00ebr bashk\u00ebpunimin e Shqip\u00ebris\u00eb me vendet an\u00ebtare t\u00eb Lig\u00ebs Arabe. Meta p\u00ebrg\u00ebzoi Gheit p\u00ebr zhvillimin me sukses t\u00eb Samitit t\u00eb par\u00eb mes Lig\u00ebs Arabe [&hellip;]<\/p>\n","protected":false,"gt_translate_keys":[{"key":"rendered","format":"html"}]},"author":30,"featured_media":278867,"comment_status":"open","ping_status":"open","sticky":false,"template":"","format":"standard","meta":{"footnotes":""},"categories":[65,13],"tags":[],"class_list":["post-278866","post","type-post","status-publish","format-standard","has-post-thumbnail","hentry","category-lajme","category-te-fundit"],"gt_translate_keys":[{"key":"link","format":"url"}],"_links":{"self":[{"href":"https:\/\/www.hashtag.al\/index.php\/wp-json\/wp\/v2\/posts\/278866","targetHints":{"allow":["GET"]}}],"collection":[{"href":"https:\/\/www.hashtag.al\/index.php\/wp-json\/wp\/v2\/posts"}],"about":[{"href":"https:\/\/www.hashtag.al\/index.php\/wp-json\/wp\/v2\/types\/post"}],"author":[{"embeddable":true,"href":"https:\/\/www.hashtag.al\/index.php\/wp-json\/wp\/v2\/users\/30"}],"replies":[{"embeddable":true,"href":"https:\/\/www.hashtag.al\/index.php\/wp-json\/wp\/v2\/comments?post=278866"}],"version-history":[{"count":0,"href":"https:\/\/www.hashtag.al\/index.php\/wp-json\/wp\/v2\/posts\/278866\/revisions"}],"wp:featuredmedia":[{"embeddable":true,"href":"https:\/\/www.hashtag.al\/index.php\/wp-json\/wp\/v2\/media\/278867"}],"wp:attachment":[{"href":"https:\/\/www.hashtag.al\/index.php\/wp-json\/wp\/v2\/media?parent=278866"}],"wp:term":[{"taxonomy":"category","embeddable":true,"href":"https:\/\/www.hashtag.al\/index.php\/wp-json\/wp\/v2\/categories?post=278866"},{"taxonomy":"post_tag","embeddable":true,"href":"https:\/\/www.hashtag.al\/index.php\/wp-json\/wp\/v2\/tags?post=278866"}],"curies":[{"name":"wp","href":"https:\/\/api.w.org\/{rel}","templated":true}]}}