{"id":278811,"date":"2019-02-28T23:20:37","date_gmt":"2019-02-28T22:20:37","guid":{"rendered":"https:\/\/hashtag.al\/?p=278811"},"modified":"2019-02-28T23:17:02","modified_gmt":"2019-02-28T22:17:02","slug":"momenti-qesharak-ne-konference-eurodeputeti-nxjerr-aparatin-fotografik-1-2-3","status":"publish","type":"post","link":"https:\/\/www.hashtag.al\/index.php\/2019\/02\/28\/momenti-qesharak-ne-konference-eurodeputeti-nxjerr-aparatin-fotografik-1-2-3\/","title":{"rendered":"Momenti qesharak n\u00eb konferenc\u00eb, eurodeputeti nxjerr aparatin fotografik &#8220;1, 2, 3&#8221;","gt_translate_keys":[{"key":"rendered","format":"text"}]},"content":{"rendered":"<p><img loading=\"lazy\" decoding=\"async\" class=\"aligncenter size-full wp-image-278812\" src=\"https:\/\/hashtag.al\/wp-content\/uploads\/2019\/02\/52803598_1053350304862926_69058770562449408_n.jpg\" alt=\"\" width=\"960\" height=\"716\" srcset=\"https:\/\/www.hashtag.al\/wp-content\/uploads\/2019\/02\/52803598_1053350304862926_69058770562449408_n.jpg 960w, https:\/\/www.hashtag.al\/wp-content\/uploads\/2019\/02\/52803598_1053350304862926_69058770562449408_n-300x224.jpg 300w, https:\/\/www.hashtag.al\/wp-content\/uploads\/2019\/02\/52803598_1053350304862926_69058770562449408_n-768x573.jpg 768w\" sizes=\"auto, (max-width: 960px) 100vw, 960px\" \/><\/p>\n<p><span style=\"color: #000000;\">Konferencat p\u00ebr mediat jo gjithmon\u00eb shkojn\u00eb n\u00eb seriozitet, shpesh her\u00eb ato prodhojn\u00eb edhe situata qesharake ku pjes\u00ebmarr\u00ebsit b\u00ebhen protagonist.<\/span><\/p>\n<p><span style=\"color: #000000;\">I till\u00eb \u00ebsht\u00eb rasti i konferenc\u00ebs p\u00ebr mediat i delegacionit t\u00eb Parlamentit Evropian n\u00eb Tiran\u00eb ku eurodeputeti Tunne Kelam \u00ebsht\u00eb b\u00ebr\u00eb protagonist i nj\u00eb momenti qesharak.<\/span><\/p>\n<p><span style=\"color: #000000;\">Kelam nuk ka nguruar q\u00eb t\u00eb nxjerr\u00eb aparatin fotografik dhe t\u00eb shkrep\u00eb disa momente nga dalja publike p\u00ebr mediat bashk\u00eb me koleg\u00ebt e tjer\u00eb t\u00eb pranish\u00ebm.<\/span><\/p>\n","protected":false,"gt_translate_keys":[{"key":"rendered","format":"html"}]},"excerpt":{"rendered":"<p>Konferencat p\u00ebr mediat jo gjithmon\u00eb shkojn\u00eb n\u00eb seriozitet, shpesh her\u00eb ato prodhojn\u00eb edhe situata qesharake ku pjes\u00ebmarr\u00ebsit b\u00ebhen protagonist. I till\u00eb \u00ebsht\u00eb rasti i konferenc\u00ebs p\u00ebr mediat i delegacionit t\u00eb Parlamentit Evropian n\u00eb Tiran\u00eb ku eurodeputeti Tunne Kelam \u00ebsht\u00eb b\u00ebr\u00eb protagonist i nj\u00eb momenti qesharak. Kelam nuk ka nguruar q\u00eb t\u00eb nxjerr\u00eb aparatin fotografik dhe [&hellip;]<\/p>\n","protected":false,"gt_translate_keys":[{"key":"rendered","format":"html"}]},"author":32,"featured_media":278812,"comment_status":"open","ping_status":"open","sticky":false,"template":"","format":"standard","meta":{"footnotes":""},"categories":[53,13],"tags":[],"class_list":["post-278811","post","type-post","status-publish","format-standard","has-post-thumbnail","hentry","category-fast-foodi","category-te-fundit"],"gt_translate_keys":[{"key":"link","format":"url"}],"_links":{"self":[{"href":"https:\/\/www.hashtag.al\/index.php\/wp-json\/wp\/v2\/posts\/278811","targetHints":{"allow":["GET"]}}],"collection":[{"href":"https:\/\/www.hashtag.al\/index.php\/wp-json\/wp\/v2\/posts"}],"about":[{"href":"https:\/\/www.hashtag.al\/index.php\/wp-json\/wp\/v2\/types\/post"}],"author":[{"embeddable":true,"href":"https:\/\/www.hashtag.al\/index.php\/wp-json\/wp\/v2\/users\/32"}],"replies":[{"embeddable":true,"href":"https:\/\/www.hashtag.al\/index.php\/wp-json\/wp\/v2\/comments?post=278811"}],"version-history":[{"count":0,"href":"https:\/\/www.hashtag.al\/index.php\/wp-json\/wp\/v2\/posts\/278811\/revisions"}],"wp:featuredmedia":[{"embeddable":true,"href":"https:\/\/www.hashtag.al\/index.php\/wp-json\/wp\/v2\/media\/278812"}],"wp:attachment":[{"href":"https:\/\/www.hashtag.al\/index.php\/wp-json\/wp\/v2\/media?parent=278811"}],"wp:term":[{"taxonomy":"category","embeddable":true,"href":"https:\/\/www.hashtag.al\/index.php\/wp-json\/wp\/v2\/categories?post=278811"},{"taxonomy":"post_tag","embeddable":true,"href":"https:\/\/www.hashtag.al\/index.php\/wp-json\/wp\/v2\/tags?post=278811"}],"curies":[{"name":"wp","href":"https:\/\/api.w.org\/{rel}","templated":true}]}}