{"id":278797,"date":"2019-02-28T22:15:21","date_gmt":"2019-02-28T21:15:21","guid":{"rendered":"https:\/\/hashtag.al\/?p=278797"},"modified":"2019-02-28T22:15:21","modified_gmt":"2019-02-28T21:15:21","slug":"basha-reagon-per-samitin-diaspora-nuk-mund-te-perdoret-per-fasade","status":"publish","type":"post","link":"https:\/\/www.hashtag.al\/index.php\/2019\/02\/28\/basha-reagon-per-samitin-diaspora-nuk-mund-te-perdoret-per-fasade\/","title":{"rendered":"Basha reagon p\u00ebr Samitin: Diaspora nuk mund t\u00eb p\u00ebrdoret p\u00ebr fasad\u00eb","gt_translate_keys":[{"key":"rendered","format":"text"}]},"content":{"rendered":"<p><img loading=\"lazy\" decoding=\"async\" class=\"aligncenter size-full wp-image-277345\" src=\"https:\/\/hashtag.al\/wp-content\/uploads\/2019\/02\/basha3-e1550942568188.jpg\" alt=\"\" width=\"806\" height=\"556\" srcset=\"https:\/\/www.hashtag.al\/wp-content\/uploads\/2019\/02\/basha3-e1550942568188.jpg 806w, https:\/\/www.hashtag.al\/wp-content\/uploads\/2019\/02\/basha3-e1550942568188-300x207.jpg 300w, https:\/\/www.hashtag.al\/wp-content\/uploads\/2019\/02\/basha3-e1550942568188-768x530.jpg 768w\" sizes=\"auto, (max-width: 806px) 100vw, 806px\" \/><\/p>\n<p><span style=\"color: #000000;\">Kryetari i Partis\u00eb Demokratike, Lulzim Basha ka folur p\u00ebr Samitin e Diaspor\u00ebs, i cili do zhvilloj\u00eb punimet k\u00ebto tre dit\u00eb.<\/span><\/p>\n<p><span style=\"color: #000000;\">Kreu i demokrat\u00ebve shkruan se ndaj diaspor\u00ebs kemi nj\u00eb borxh t\u00eb madh, nd\u00ebrsa thekson se ai nuk mund ta pranoj\u00eb kurr\u00eb p\u00ebrdorimin e saj si fasad\u00eb nga njeriu q\u00eb mbushi Evrop\u00ebn me azilk\u00ebrkues.<\/span><\/p>\n<p><span style=\"color: #000000;\">M\u00eb tej ai shkruan se Shqip\u00ebria ka nevoj\u00eb t\u00eb pakursyer nga Diaspora dhe Partia Demokratike \u00ebsht\u00eb e hapur p\u00ebr t\u00eb bashk\u00ebpunuar p\u00ebr nd\u00ebrtimin e vendit dhe zhvillimin e tij, duke ndjekur vlerat demokratike.<\/span><\/p>\n<p><span style=\"color: #000000;\">\u201c<em>Ne i kemi nj\u00eb borxh t\u00eb madh diaspor\u00ebs, ndaj nuk mund t\u00eb pranoj kurr\u00eb p\u00ebrdorimin e saj si fasad\u00eb nga njeriu q\u00eb mbushi kampet e azilk\u00ebrkuesve me 300 mij\u00eb shqiptar\u00eb duke i p\u00ebrz\u00ebn\u00eb nga sht\u00ebpit\u00eb e tyre, ja nxiu faqen Shqip\u00ebris\u00eb me kanabisin dhe ja dor\u00ebzoi vendin oligark\u00ebve dhe krimit.<\/em><\/span><\/p>\n<p><span style=\"color: #000000;\"><em>Shqip\u00ebria ka nevoj\u00eb jetike p\u00ebr ndihm\u00ebn dhe kontributin e diaspor\u00ebs. Un\u00eb dhe Partia Demokratike mir\u00ebpresim krah\u00ebhapur mb\u00ebshtetjen e saj dhe bashk\u00ebpunimin e ngusht\u00eb e t\u00eb sinqert\u00eb p\u00ebr t\u00eb nd\u00ebrtuar n\u00eb Shqip\u00ebri mund\u00ebsit\u00eb, sigurin\u00eb, lirin\u00eb dhe vlerat q\u00eb ata g\u00ebzojn\u00eb n\u00eb vendet ku jetojn\u00eb<\/em>\u201d-shkruan Basha.<\/span><\/p>\n","protected":false,"gt_translate_keys":[{"key":"rendered","format":"html"}]},"excerpt":{"rendered":"<p>Kryetari i Partis\u00eb Demokratike, Lulzim Basha ka folur p\u00ebr Samitin e Diaspor\u00ebs, i cili do zhvilloj\u00eb punimet k\u00ebto tre dit\u00eb. Kreu i demokrat\u00ebve shkruan se ndaj diaspor\u00ebs kemi nj\u00eb borxh t\u00eb madh, nd\u00ebrsa thekson se ai nuk mund ta pranoj\u00eb kurr\u00eb p\u00ebrdorimin e saj si fasad\u00eb nga njeriu q\u00eb mbushi Evrop\u00ebn me azilk\u00ebrkues. M\u00eb tej [&hellip;]<\/p>\n","protected":false,"gt_translate_keys":[{"key":"rendered","format":"html"}]},"author":32,"featured_media":275890,"comment_status":"open","ping_status":"open","sticky":false,"template":"","format":"standard","meta":{"footnotes":""},"categories":[65,13],"tags":[],"class_list":["post-278797","post","type-post","status-publish","format-standard","has-post-thumbnail","hentry","category-lajme","category-te-fundit"],"gt_translate_keys":[{"key":"link","format":"url"}],"_links":{"self":[{"href":"https:\/\/www.hashtag.al\/index.php\/wp-json\/wp\/v2\/posts\/278797","targetHints":{"allow":["GET"]}}],"collection":[{"href":"https:\/\/www.hashtag.al\/index.php\/wp-json\/wp\/v2\/posts"}],"about":[{"href":"https:\/\/www.hashtag.al\/index.php\/wp-json\/wp\/v2\/types\/post"}],"author":[{"embeddable":true,"href":"https:\/\/www.hashtag.al\/index.php\/wp-json\/wp\/v2\/users\/32"}],"replies":[{"embeddable":true,"href":"https:\/\/www.hashtag.al\/index.php\/wp-json\/wp\/v2\/comments?post=278797"}],"version-history":[{"count":0,"href":"https:\/\/www.hashtag.al\/index.php\/wp-json\/wp\/v2\/posts\/278797\/revisions"}],"wp:featuredmedia":[{"embeddable":true,"href":"https:\/\/www.hashtag.al\/index.php\/wp-json\/wp\/v2\/media\/275890"}],"wp:attachment":[{"href":"https:\/\/www.hashtag.al\/index.php\/wp-json\/wp\/v2\/media?parent=278797"}],"wp:term":[{"taxonomy":"category","embeddable":true,"href":"https:\/\/www.hashtag.al\/index.php\/wp-json\/wp\/v2\/categories?post=278797"},{"taxonomy":"post_tag","embeddable":true,"href":"https:\/\/www.hashtag.al\/index.php\/wp-json\/wp\/v2\/tags?post=278797"}],"curies":[{"name":"wp","href":"https:\/\/api.w.org\/{rel}","templated":true}]}}