{"id":278726,"date":"2019-02-28T19:30:23","date_gmt":"2019-02-28T18:30:23","guid":{"rendered":"https:\/\/hashtag.al\/?p=278726"},"modified":"2019-02-28T19:18:14","modified_gmt":"2019-02-28T18:18:14","slug":"samiti-mes-trump-dhe-kim-jong-un-perfundon-pa-marreveshje","status":"publish","type":"post","link":"https:\/\/www.hashtag.al\/index.php\/2019\/02\/28\/samiti-mes-trump-dhe-kim-jong-un-perfundon-pa-marreveshje\/","title":{"rendered":"Samiti mes Trump dhe Kim Jong Un p\u00ebrfundon pa marr\u00ebveshje","gt_translate_keys":[{"key":"rendered","format":"text"}]},"content":{"rendered":"<p><img loading=\"lazy\" decoding=\"async\" class=\"aligncenter size-full wp-image-278727\" src=\"https:\/\/hashtag.al\/wp-content\/uploads\/2019\/02\/trump-kim-1.jpg\" alt=\"\" width=\"1600\" height=\"1068\" srcset=\"https:\/\/www.hashtag.al\/wp-content\/uploads\/2019\/02\/trump-kim-1.jpg 1600w, https:\/\/www.hashtag.al\/wp-content\/uploads\/2019\/02\/trump-kim-1-300x200.jpg 300w, https:\/\/www.hashtag.al\/wp-content\/uploads\/2019\/02\/trump-kim-1-768x513.jpg 768w, https:\/\/www.hashtag.al\/wp-content\/uploads\/2019\/02\/trump-kim-1-1024x684.jpg 1024w\" sizes=\"auto, (max-width: 1600px) 100vw, 1600px\" \/><\/p>\n<p><span style=\"color: #000000;\">Samiti i dyt\u00eb midis presidentit amerikan Donald Trump dhe udh\u00ebheq\u00ebsit t\u00eb Kores\u00eb s\u00eb Veriut Kim Jong Un p\u00ebrfundoi befas t\u00eb enjten, me nj\u00eb drek\u00eb pune dhe nj\u00eb ceremoni t\u00eb caktuar t\u00eb n\u00ebnshkrimit, raporton CNN.<\/span><\/p>\n<p><span style=\"color: #000000;\">T\u00eb dy udh\u00ebheq\u00ebsit, q\u00eb u takuan n\u00eb Hanoi, t\u00eb Vietnamit, nuk ishin n\u00eb gjendje t\u00eb arrijn\u00eb nj\u00eb marr\u00ebveshje t\u00eb p\u00ebrbashk\u00ebt si\u00e7 b\u00ebn\u00eb n\u00eb samitin e tyre t\u00eb par\u00eb vitin e kaluar.<\/span><\/p>\n<p><span style=\"color: #000000;\">Trump u tha gazetar\u00ebve m\u00eb pas se bisedimet ishin &#8220;shum\u00eb produktive&#8221;, por ai shtoi se vendosi q\u00eb t\u00eb mos kishte asnj\u00eb marr\u00ebveshje me vler\u00eb t\u00eb n\u00ebnshkrimit. &#8220;Ndonj\u00ebher\u00eb duhet t\u00eb ec\u00ebsh, dhe kjo ishte vet\u00ebm nj\u00eb nga ato koh\u00eb&#8221;, tha Trump, i cili shtoi se samiti p\u00ebrfundoi me kushte miq\u00ebsore.<\/span><\/p>\n<p><span style=\"color: #000000;\">Kjo ishte vet\u00ebm hera e dyt\u00eb q\u00eb nj\u00eb president i SHBA u takua me nj\u00eb udh\u00ebheq\u00ebs t\u00eb Kores\u00eb s\u00eb Veriut. E para erdhi n\u00eb qershor, disa muaj pasi dy krer\u00ebt treguan fyerje dhe k\u00ebrc\u00ebnuan nj\u00ebri-tjetrin me asgj\u00ebsim b\u00ebrthamor. Ky samit p\u00ebrfundoi me nj\u00eb marr\u00ebveshje t\u00eb p\u00ebrbashk\u00ebt p\u00ebr t\u00eb &#8220;punuar drejt denuklearizimit plot\u00eb t\u00eb gadishullit Korean&#8221;, dhe Trump tha se ai kishte zhvilluar nj\u00eb &#8220;lidhje t\u00eb ve\u00e7ant\u00eb&#8221; me Kim.<\/span><\/p>\n","protected":false,"gt_translate_keys":[{"key":"rendered","format":"html"}]},"excerpt":{"rendered":"<p>Samiti i dyt\u00eb midis presidentit amerikan Donald Trump dhe udh\u00ebheq\u00ebsit t\u00eb Kores\u00eb s\u00eb Veriut Kim Jong Un p\u00ebrfundoi befas t\u00eb enjten, me nj\u00eb drek\u00eb pune dhe nj\u00eb ceremoni t\u00eb caktuar t\u00eb n\u00ebnshkrimit, raporton CNN. T\u00eb dy udh\u00ebheq\u00ebsit, q\u00eb u takuan n\u00eb Hanoi, t\u00eb Vietnamit, nuk ishin n\u00eb gjendje t\u00eb arrijn\u00eb nj\u00eb marr\u00ebveshje t\u00eb p\u00ebrbashk\u00ebt si\u00e7 [&hellip;]<\/p>\n","protected":false,"gt_translate_keys":[{"key":"rendered","format":"html"}]},"author":32,"featured_media":278727,"comment_status":"open","ping_status":"open","sticky":false,"template":"","format":"standard","meta":{"footnotes":""},"categories":[6,13],"tags":[],"class_list":["post-278726","post","type-post","status-publish","format-standard","has-post-thumbnail","hentry","category-nderkombetare","category-te-fundit"],"gt_translate_keys":[{"key":"link","format":"url"}],"_links":{"self":[{"href":"https:\/\/www.hashtag.al\/index.php\/wp-json\/wp\/v2\/posts\/278726","targetHints":{"allow":["GET"]}}],"collection":[{"href":"https:\/\/www.hashtag.al\/index.php\/wp-json\/wp\/v2\/posts"}],"about":[{"href":"https:\/\/www.hashtag.al\/index.php\/wp-json\/wp\/v2\/types\/post"}],"author":[{"embeddable":true,"href":"https:\/\/www.hashtag.al\/index.php\/wp-json\/wp\/v2\/users\/32"}],"replies":[{"embeddable":true,"href":"https:\/\/www.hashtag.al\/index.php\/wp-json\/wp\/v2\/comments?post=278726"}],"version-history":[{"count":0,"href":"https:\/\/www.hashtag.al\/index.php\/wp-json\/wp\/v2\/posts\/278726\/revisions"}],"wp:featuredmedia":[{"embeddable":true,"href":"https:\/\/www.hashtag.al\/index.php\/wp-json\/wp\/v2\/media\/278727"}],"wp:attachment":[{"href":"https:\/\/www.hashtag.al\/index.php\/wp-json\/wp\/v2\/media?parent=278726"}],"wp:term":[{"taxonomy":"category","embeddable":true,"href":"https:\/\/www.hashtag.al\/index.php\/wp-json\/wp\/v2\/categories?post=278726"},{"taxonomy":"post_tag","embeddable":true,"href":"https:\/\/www.hashtag.al\/index.php\/wp-json\/wp\/v2\/tags?post=278726"}],"curies":[{"name":"wp","href":"https:\/\/api.w.org\/{rel}","templated":true}]}}