{"id":278673,"date":"2019-02-28T16:15:23","date_gmt":"2019-02-28T15:15:23","guid":{"rendered":"https:\/\/hashtag.al\/?p=278673"},"modified":"2019-02-28T16:17:59","modified_gmt":"2019-02-28T15:17:59","slug":"albana-vokshi-shqiptaret-nuk-jane-te-dores-se-dyte-duam-te-njejen-qeverisje-sic-ka-fleckenstein-ne-gjermani","status":"publish","type":"post","link":"https:\/\/www.hashtag.al\/index.php\/2019\/02\/28\/albana-vokshi-shqiptaret-nuk-jane-te-dores-se-dyte-duam-te-njejen-qeverisje-sic-ka-fleckenstein-ne-gjermani\/","title":{"rendered":"Albana Vokshi: Shqiptar\u00ebt nuk jan\u00eb t\u00eb dor\u00ebs s\u00eb dyt\u00eb, duam t\u00eb nj\u00ebj\u00ebn qeverisje si\u00e7 ka Fleckenstein n\u00eb Gjermani","gt_translate_keys":[{"key":"rendered","format":"text"}]},"content":{"rendered":"<p><span style=\"color: #000000;\"><img loading=\"lazy\" decoding=\"async\" class=\"aligncenter size-full wp-image-278674\" src=\"https:\/\/hashtag.al\/wp-content\/uploads\/2019\/02\/vokshi-eurodeputet.jpg\" alt=\"\" width=\"3264\" height=\"1916\" srcset=\"https:\/\/www.hashtag.al\/wp-content\/uploads\/2019\/02\/vokshi-eurodeputet.jpg 3264w, https:\/\/www.hashtag.al\/wp-content\/uploads\/2019\/02\/vokshi-eurodeputet-300x176.jpg 300w, https:\/\/www.hashtag.al\/wp-content\/uploads\/2019\/02\/vokshi-eurodeputet-768x451.jpg 768w, https:\/\/www.hashtag.al\/wp-content\/uploads\/2019\/02\/vokshi-eurodeputet-1024x601.jpg 1024w\" sizes=\"auto, (max-width: 3264px) 100vw, 3264px\" \/><\/span><\/p>\n<p><span style=\"color: #000000;\">Sipas Albana Vokshit e cila vet\u00ebm pak dit\u00eb m\u00eb par\u00eb dor\u00ebzoi mandatin e saj si deputete, shqiptar\u00ebt po protestojn\u00eb sepse nuk duan t\u00eb qeverisen nga figura q\u00eb jan\u00eb b\u00ebr\u00eb t\u00eb pasur n\u00eb m\u00ebnyr\u00eb t\u00eb paligjshme, duke p\u00ebrmendur ministren Elisa Spiropalin.<\/span><\/p>\n<p><span style=\"color: #000000;\">Vokshi shprehet se shqiptar\u00ebt\u00a0 nuk jan\u00eb qytetar\u00eb t\u00eb dor\u00ebs s\u00eb dyt\u00eb, por k\u00ebrkojn\u00eb t\u00eb qeverisen si vendet e BE-s\u00eb, duke p\u00ebrmendur edhe qeverisjen q\u00eb Knut Fleckenstein ka n\u00eb Gjermani, Tunne Kelam n\u00eb Estoni, Juan Fernando Lopez Aguilar n\u00eb Spanj\u00eb, apo Bas Belder n\u00eb Holland\u00eb.<\/span><\/p>\n<p><span style=\"color: #000000;\">K\u00ebta jan\u00eb eurodeputet\u00ebt q\u00eb kan\u00eb mb\u00ebrritur prej dy dit\u00ebsh n\u00eb Shqip\u00ebri.<\/span><\/p>\n<p><em><span style=\"color: #000000;\">\u201cShqiptaret po protestojn\u00eb se nuk duan te qeverisen nga <a style=\"color: #000000;\" href=\"https:\/\/www.facebook.com\/hashtag\/elisaspiropali?source=feed_text&amp;epa=HASHTAG&amp;__xts__%5B0%5D=68.ARDzRGD1Xr1Qdf6uMxUkMsTKO9sPbfchgteelhE4rImTZOru4p6ssEMBOFNsCcXN0G50vwNAXop5WRyl8EvN2a4KCDtnLPRWHQqyY6g-9vSa2hBxH_dYlTVSRdR-ABzAr-QMX0QbDPWRoa1Wd9Dt0WvCfciDHeRjA4Ug_kdFAz7eTPm6WtLo4GxUk_RJQcmfM6_zU419gCYOj81yKN_q3wyHUvTj7bXxZxIN8PCzfnCcUav37Gb892QjPkQBmZmK8hyYnI9T_VVLCeKC77hzI2HUF0QWQWn4BRcwx9kH0bMva34FXBAPGGn-5SEGUINB_JPKgu4-7NIAoIIKyCv19A-zag&amp;__tn__=%2ANK-R\">#ElisaSpiropali<\/a> me kaq shum\u00eb pasuri t\u00eb paligjshme, duke vjedhur shqiptar\u00ebt.<\/span><\/em><\/p>\n<p><em><span style=\"color: #000000;\">Shqiptar\u00ebt po protestojn\u00eb se nuk duan t\u00eb qeverisen nga <a style=\"color: #000000;\" href=\"https:\/\/www.facebook.com\/hashtag\/edirama?source=feed_text&amp;epa=HASHTAG&amp;__xts__%5B0%5D=68.ARDzRGD1Xr1Qdf6uMxUkMsTKO9sPbfchgteelhE4rImTZOru4p6ssEMBOFNsCcXN0G50vwNAXop5WRyl8EvN2a4KCDtnLPRWHQqyY6g-9vSa2hBxH_dYlTVSRdR-ABzAr-QMX0QbDPWRoa1Wd9Dt0WvCfciDHeRjA4Ug_kdFAz7eTPm6WtLo4GxUk_RJQcmfM6_zU419gCYOj81yKN_q3wyHUvTj7bXxZxIN8PCzfnCcUav37Gb892QjPkQBmZmK8hyYnI9T_VVLCeKC77hzI2HUF0QWQWn4BRcwx9kH0bMva34FXBAPGGn-5SEGUINB_JPKgu4-7NIAoIIKyCv19A-zag&amp;__tn__=%2ANK-R\">#EdiRama<\/a>, sipas OSBE me nj\u00eb pasuri t\u00eb paligjshme 200 milion\u00eb euro.<\/span><\/em><\/p>\n<p><em><span style=\"color: #000000;\">Shqiptar\u00ebt po protestojn\u00eb q\u00eb vota e tyre t\u00eb mos vidhet me parat\u00eb e korrupsionit e t\u00eb mos u shantazhohet nga qeveria e b\u00ebr\u00eb pal\u00eb me bandat dhe krimin.<\/span><\/em><\/p>\n<p><em><span style=\"color: #000000;\">Ne, bashk\u00eb me shqiptar\u00ebt, k\u00ebrkojm\u00eb t\u00eb kemi t\u00eb nj\u00ebjt\u00ebn Qeverisje p\u00ebr qytetar\u00ebt si\u00e7 Knut Fleckenstein ka n\u00eb Gjermani, si\u00e7 Tunne Kelam ka n\u00eb Estoni, si\u00e7 Juan Fernando Lopez Aguilar ka n\u00eb Spanj\u00eb, si\u00e7 Bas Belder ka n\u00eb Holland\u00eb.<\/span><\/em><\/p>\n<p><em><span style=\"color: #000000;\">Shqiptar\u00ebt nuk jan\u00eb qytetar\u00eb t\u00eb dor\u00ebs s\u00eb dyt\u00eb.<\/span><\/em><\/p>\n<p><em><span style=\"color: #000000;\">Shqiptar\u00eb jan\u00eb qytetar\u00eb europian\u00eb dhe nuk pranojn\u00eb asgj\u00eb m\u00eb pak se at\u00eb q\u00eb vendet an\u00ebtare t\u00eb Bashkimit Europian u japin qytetar\u00ebve t\u00eb tyre.<\/span><\/em><\/p>\n<p><span style=\"color: #000000;\"><em><a style=\"color: #000000;\" href=\"https:\/\/www.facebook.com\/hashtag\/eduamshqip\u00ebrin\u00ebsigjith\u00ebeuropa?source=feed_text&amp;epa=HASHTAG&amp;__xts__%5B0%5D=68.ARDzRGD1Xr1Qdf6uMxUkMsTKO9sPbfchgteelhE4rImTZOru4p6ssEMBOFNsCcXN0G50vwNAXop5WRyl8EvN2a4KCDtnLPRWHQqyY6g-9vSa2hBxH_dYlTVSRdR-ABzAr-QMX0QbDPWRoa1Wd9Dt0WvCfciDHeRjA4Ug_kdFAz7eTPm6WtLo4GxUk_RJQcmfM6_zU419gCYOj81yKN_q3wyHUvTj7bXxZxIN8PCzfnCcUav37Gb892QjPkQBmZmK8hyYnI9T_VVLCeKC77hzI2HUF0QWQWn4BRcwx9kH0bMva34FXBAPGGn-5SEGUINB_JPKgu4-7NIAoIIKyCv19A-zag&amp;__tn__=%2ANK-R\">#EDuamShqip\u00ebrin\u00ebSiGjith\u00ebEuropa<\/a>\u201d,<\/em> shkruan Vokshi.<\/span><\/p>\n","protected":false,"gt_translate_keys":[{"key":"rendered","format":"html"}]},"excerpt":{"rendered":"<p>Sipas Albana Vokshit e cila vet\u00ebm pak dit\u00eb m\u00eb par\u00eb dor\u00ebzoi mandatin e saj si deputete, shqiptar\u00ebt po protestojn\u00eb sepse nuk duan t\u00eb qeverisen nga figura q\u00eb jan\u00eb b\u00ebr\u00eb t\u00eb pasur n\u00eb m\u00ebnyr\u00eb t\u00eb paligjshme, duke p\u00ebrmendur ministren Elisa Spiropalin. Vokshi shprehet se shqiptar\u00ebt\u00a0 nuk jan\u00eb qytetar\u00eb t\u00eb dor\u00ebs s\u00eb dyt\u00eb, por k\u00ebrkojn\u00eb t\u00eb qeverisen [&hellip;]<\/p>\n","protected":false,"gt_translate_keys":[{"key":"rendered","format":"html"}]},"author":30,"featured_media":278674,"comment_status":"open","ping_status":"open","sticky":false,"template":"","format":"standard","meta":{"footnotes":""},"categories":[65,13],"tags":[],"class_list":["post-278673","post","type-post","status-publish","format-standard","has-post-thumbnail","hentry","category-lajme","category-te-fundit"],"gt_translate_keys":[{"key":"link","format":"url"}],"_links":{"self":[{"href":"https:\/\/www.hashtag.al\/index.php\/wp-json\/wp\/v2\/posts\/278673","targetHints":{"allow":["GET"]}}],"collection":[{"href":"https:\/\/www.hashtag.al\/index.php\/wp-json\/wp\/v2\/posts"}],"about":[{"href":"https:\/\/www.hashtag.al\/index.php\/wp-json\/wp\/v2\/types\/post"}],"author":[{"embeddable":true,"href":"https:\/\/www.hashtag.al\/index.php\/wp-json\/wp\/v2\/users\/30"}],"replies":[{"embeddable":true,"href":"https:\/\/www.hashtag.al\/index.php\/wp-json\/wp\/v2\/comments?post=278673"}],"version-history":[{"count":0,"href":"https:\/\/www.hashtag.al\/index.php\/wp-json\/wp\/v2\/posts\/278673\/revisions"}],"wp:featuredmedia":[{"embeddable":true,"href":"https:\/\/www.hashtag.al\/index.php\/wp-json\/wp\/v2\/media\/278674"}],"wp:attachment":[{"href":"https:\/\/www.hashtag.al\/index.php\/wp-json\/wp\/v2\/media?parent=278673"}],"wp:term":[{"taxonomy":"category","embeddable":true,"href":"https:\/\/www.hashtag.al\/index.php\/wp-json\/wp\/v2\/categories?post=278673"},{"taxonomy":"post_tag","embeddable":true,"href":"https:\/\/www.hashtag.al\/index.php\/wp-json\/wp\/v2\/tags?post=278673"}],"curies":[{"name":"wp","href":"https:\/\/api.w.org\/{rel}","templated":true}]}}