{"id":278629,"date":"2019-02-28T13:57:50","date_gmt":"2019-02-28T12:57:50","guid":{"rendered":"https:\/\/hashtag.al\/?p=278629"},"modified":"2019-02-28T15:37:00","modified_gmt":"2019-02-28T14:37:00","slug":"tahiri-mesazhe-te-forta-sme-duhet-mbeshtetja-e-edi-rames-flet-dhe-per-canten-e-zeze-te-baba-takut","status":"publish","type":"post","link":"https:\/\/www.hashtag.al\/index.php\/2019\/02\/28\/tahiri-mesazhe-te-forta-sme-duhet-mbeshtetja-e-edi-rames-flet-dhe-per-canten-e-zeze-te-baba-takut\/","title":{"rendered":"Saimir Tahiri mesazhe t\u00eb forta, flet dhe p\u00ebr \u00e7ant\u00ebn e zez\u00eb t\u00eb &#8220;Baba Takut&#8221;","gt_translate_keys":[{"key":"rendered","format":"text"}]},"content":{"rendered":"<p><img loading=\"lazy\" decoding=\"async\" class=\"aligncenter wp-image-278630\" src=\"https:\/\/hashtag.al\/wp-content\/uploads\/2019\/02\/saimirtahirimakina.png\" alt=\"\" width=\"752\" height=\"519\" srcset=\"https:\/\/www.hashtag.al\/wp-content\/uploads\/2019\/02\/saimirtahirimakina.png 623w, https:\/\/www.hashtag.al\/wp-content\/uploads\/2019\/02\/saimirtahirimakina-300x207.png 300w\" sizes=\"auto, (max-width: 752px) 100vw, 752px\" \/><\/p>\n<p><span style=\"color: #000000;\">Disa mesazhe t\u00eb forta jan\u00eb dh\u00ebn\u00eb sot para der\u00ebs s\u00eb Prokuroris\u00eb p\u00ebr Krime t\u00eb R\u00ebnda nga ish-ministri i Pun\u00ebve t\u00eb Brendshme, Saimir Tahiri.<\/span><\/p>\n<p><span style=\"color: #000000;\">Tahiri sot u njoh me akuzat e prokuroris\u00eb, mes t\u00eb cilave trafiku nd\u00ebrkomb\u00ebtar i drog\u00ebs apo ajo e grupit kriminal dhe p\u00ebrve\u00e7se e ka quajtur nj\u00eb proces t\u00eb turpsh\u00ebm, kan\u00eb spikatur disa mesazhe t\u00eb tjera.<\/span><\/p>\n<p><span style=\"color: #000000;\">&#8220;Prokurori e komanduar&#8221;, &#8220;Proces politik&#8221;, &#8220;Ati, Biri dhe Shpirti i Shenjt\u00eb&#8221;. &#8220;S&#8217;m\u00eb duhet mb\u00ebshtetja e Edi Ram\u00ebs&#8221; e deri te p\u00ebrmendja e \u00e7ant\u00ebs s\u00eb zez\u00eb t\u00eb &#8220;Baba Takut&#8221; qen\u00eb fjal\u00ebt ky\u00e7e t\u00eb ish-ministrit t\u00eb ndryshuar n\u00eb pamje, p\u00ebrve\u00e7 asaj t\u00eb zakonshmes &#8220;E v\u00ebrteta ime, do t&#8217;i shkoj deri n\u00eb fund drejt\u00ebsis\u00eb&#8221;.<\/span><\/p>\n<p><img loading=\"lazy\" decoding=\"async\" class=\"aligncenter size-full wp-image-278653\" src=\"https:\/\/hashtag.al\/wp-content\/uploads\/2019\/02\/saimirtahiriprokuroria.png\" alt=\"\" width=\"734\" height=\"579\" srcset=\"https:\/\/www.hashtag.al\/wp-content\/uploads\/2019\/02\/saimirtahiriprokuroria.png 734w, https:\/\/www.hashtag.al\/wp-content\/uploads\/2019\/02\/saimirtahiriprokuroria-300x237.png 300w\" sizes=\"auto, (max-width: 734px) 100vw, 734px\" \/><\/p>\n<p><strong><span style=\"color: #000000;\">PJES\u00cb NGA PYETJE-P\u00cbRGJIGJET ME GAZETAR\u00cbT:<\/span><\/strong><\/p>\n<p><span style=\"color: #000000;\"><strong>TAHIRI:<\/strong> Akuza ishte m\u00eb e r\u00ebnd\u00eb se kaq, trafik droge, grup kriminal. Nuk \u00ebsht\u00eb se ka ndonj\u00eb surpriz\u00eb t\u00eb madhe, prokuroria e komanduar si\u00e7 e nisi, ashtu e bitisi k\u00ebt\u00eb histori. Pavar\u00ebsisht nxitjes s\u00eb brendshme q\u00eb kam p\u00ebr t&#8217;u marr\u00eb me k\u00ebt\u00eb histori, nuk dua t\u00eb merrem.<\/span><\/p>\n<p><span style=\"color: #000000;\">Dua t&#8217;i shkoj deri n\u00eb fund drejt\u00ebsis\u00eb.<\/span><\/p>\n<p><span style=\"color: #000000;\">Kjo historia ime lindi si nj\u00eb proces politik dhe kur them i komanduar, kam parasysh politik\u00eb, krim dhe drejt\u00ebsin\u00eb q\u00eb jan\u00eb aq bashk\u00eb sa \u00e7&#8217;\u00ebsht\u00eb Ati, Biri dhe Shpirti i Shenjt\u00eb.<\/span><\/p>\n<p><span style=\"color: #000000;\">Nuk kan\u00eb qen\u00eb bashk\u00eb dhe un\u00eb po e shoh&#8230;<\/span><\/p>\n<div id=\"attachment_278637\" style=\"width: 976px\" class=\"wp-caption aligncenter\"><img loading=\"lazy\" decoding=\"async\" aria-describedby=\"caption-attachment-278637\" class=\"wp-image-278637 size-full\" src=\"https:\/\/hashtag.al\/wp-content\/uploads\/2019\/02\/saimirtahirimjeker2.png\" alt=\"\" width=\"966\" height=\"683\" srcset=\"https:\/\/www.hashtag.al\/wp-content\/uploads\/2019\/02\/saimirtahirimjeker2.png 966w, https:\/\/www.hashtag.al\/wp-content\/uploads\/2019\/02\/saimirtahirimjeker2-300x212.png 300w, https:\/\/www.hashtag.al\/wp-content\/uploads\/2019\/02\/saimirtahirimjeker2-768x543.png 768w\" sizes=\"auto, (max-width: 966px) 100vw, 966px\" \/><p id=\"caption-attachment-278637\" class=\"wp-caption-text\">Tahiri sot, para gazetar\u00ebve<\/p><\/div>\n<p><span style=\"color: #000000;\"><strong>GAZETARJA:<\/strong> <strong>A keni frik\u00eb p\u00ebr arrestimin tuaj?<\/strong><\/span><\/p>\n<p><span style=\"color: #000000;\"><strong>TAHIRI:<\/strong> Mua nuk m\u00eb frik\u00ebson gj\u00eb p\u00ebrve\u00e7 t\u00eb v\u00ebrtet\u00ebs. Nuk m\u00eb intereson se \u00e7far\u00eb b\u00ebn prokuroria, m\u00eb intereson ve\u00e7 e verteta.<\/span><\/p>\n<p><span style=\"color: #000000;\">Un\u00eb di q\u00eb ky \u00ebsht\u00eb nj\u00eb proces i turpsh\u00ebm, i komanduar nga fillimi deri n\u00eb fund. Do ia dal dhe k\u00ebsaj!<\/span><\/p>\n<p><span style=\"color: #000000;\">Mos u p\u00ebrpiqni t\u00eb gjeni mesazhe t\u00eb koduara, nuk kam, jam i drejt\u00ebp\u00ebrdrejt\u00eb.<\/span><span style=\"color: #000000;\"> E v\u00ebrteta ime \u00ebsht\u00eb komplet e kund\u00ebrta e asaj q\u00eb k\u00ebrkon prokuroria. Gjykata dhe prokuroria n\u00eb Itali m\u00eb dha t\u00eb drejt\u00eb duke th\u00ebn\u00eb q\u00eb Saimir Tahiri nuk ka pik\u00eb lidhje me k\u00ebt\u00eb histori, t\u00eb ishte p\u00ebr prokurorin\u00eb k\u00ebtu un\u00eb do isha brenda 24 or\u00ebve i arrestuar.<\/span><\/p>\n<p><span style=\"color: #000000;\"><strong>GAZETARJA: \u00cbsht\u00eb folur se Saimir Tahiri disponon materiale shantazhuese&#8230;<\/strong><\/span><\/p>\n<p><span style=\"color: #000000;\"><strong>TAHIRI:<\/strong> K\u00ebtij vendi kaq t\u00eb vog\u00ebl i mjafton Baba Taku me \u00e7ant\u00ebn e zez\u00eb, nuk i duhet dhe Saimir Tahiri.<\/span><\/p>\n<p><span style=\"color: #000000;\">Un\u00eb kam t\u00eb v\u00ebrtet\u00ebn time.<\/span><\/p>\n<p><span style=\"color: #000000;\"><strong>GAZETARJA:<\/strong> <strong>A keni mb\u00ebshtetjen e Edi Ram\u00ebs?<\/strong><\/span><\/p>\n<p><span style=\"color: #000000;\">Nuk m\u00eb duhet fare. Mua m\u00eb duhet vet\u00ebm e v\u00ebrteta ime. N\u00ebse mendoni se n\u00eb k\u00ebt\u00eb vend duhet patjet\u00ebr dikush, t\u00eb jesh n\u00eb sqetull\u00ebn politike t\u00eb dikujt, un\u00eb ia dal dhe pa k\u00ebto.&#8221;\/<em><strong> Hashtag.al<\/strong><\/em><\/span><\/p>\n<div id=\"attachment_278642\" style=\"width: 754px\" class=\"wp-caption aligncenter\"><img loading=\"lazy\" decoding=\"async\" aria-describedby=\"caption-attachment-278642\" class=\"wp-image-278642\" src=\"https:\/\/hashtag.al\/wp-content\/uploads\/2019\/02\/spartakbraho.png\" alt=\"\" width=\"744\" height=\"538\" srcset=\"https:\/\/www.hashtag.al\/wp-content\/uploads\/2019\/02\/spartakbraho.png 665w, https:\/\/www.hashtag.al\/wp-content\/uploads\/2019\/02\/spartakbraho-300x217.png 300w\" sizes=\"auto, (max-width: 744px) 100vw, 744px\" \/><p id=\"caption-attachment-278642\" class=\"wp-caption-text\">Spartak Braho, alias &#8220;Baba Taku&#8221;<\/p><\/div>\n","protected":false,"gt_translate_keys":[{"key":"rendered","format":"html"}]},"excerpt":{"rendered":"<p>Disa mesazhe t\u00eb forta jan\u00eb dh\u00ebn\u00eb sot para der\u00ebs s\u00eb Prokuroris\u00eb p\u00ebr Krime t\u00eb R\u00ebnda nga ish-ministri i Pun\u00ebve t\u00eb Brendshme, Saimir Tahiri. Tahiri sot u njoh me akuzat e prokuroris\u00eb, mes t\u00eb cilave trafiku nd\u00ebrkomb\u00ebtar i drog\u00ebs apo ajo e grupit kriminal dhe p\u00ebrve\u00e7se e ka quajtur nj\u00eb proces t\u00eb turpsh\u00ebm, kan\u00eb spikatur disa [&hellip;]<\/p>\n","protected":false,"gt_translate_keys":[{"key":"rendered","format":"html"}]},"author":6,"featured_media":278630,"comment_status":"open","ping_status":"open","sticky":false,"template":"","format":"standard","meta":{"footnotes":""},"categories":[22,65,13],"tags":[],"class_list":["post-278629","post","type-post","status-publish","format-standard","has-post-thumbnail","hentry","category-ballina","category-lajme","category-te-fundit"],"gt_translate_keys":[{"key":"link","format":"url"}],"_links":{"self":[{"href":"https:\/\/www.hashtag.al\/index.php\/wp-json\/wp\/v2\/posts\/278629","targetHints":{"allow":["GET"]}}],"collection":[{"href":"https:\/\/www.hashtag.al\/index.php\/wp-json\/wp\/v2\/posts"}],"about":[{"href":"https:\/\/www.hashtag.al\/index.php\/wp-json\/wp\/v2\/types\/post"}],"author":[{"embeddable":true,"href":"https:\/\/www.hashtag.al\/index.php\/wp-json\/wp\/v2\/users\/6"}],"replies":[{"embeddable":true,"href":"https:\/\/www.hashtag.al\/index.php\/wp-json\/wp\/v2\/comments?post=278629"}],"version-history":[{"count":0,"href":"https:\/\/www.hashtag.al\/index.php\/wp-json\/wp\/v2\/posts\/278629\/revisions"}],"wp:featuredmedia":[{"embeddable":true,"href":"https:\/\/www.hashtag.al\/index.php\/wp-json\/wp\/v2\/media\/278630"}],"wp:attachment":[{"href":"https:\/\/www.hashtag.al\/index.php\/wp-json\/wp\/v2\/media?parent=278629"}],"wp:term":[{"taxonomy":"category","embeddable":true,"href":"https:\/\/www.hashtag.al\/index.php\/wp-json\/wp\/v2\/categories?post=278629"},{"taxonomy":"post_tag","embeddable":true,"href":"https:\/\/www.hashtag.al\/index.php\/wp-json\/wp\/v2\/tags?post=278629"}],"curies":[{"name":"wp","href":"https:\/\/api.w.org\/{rel}","templated":true}]}}