{"id":278589,"date":"2019-02-28T10:31:23","date_gmt":"2019-02-28T09:31:23","guid":{"rendered":"https:\/\/hashtag.al\/?p=278589"},"modified":"2019-02-28T13:18:16","modified_gmt":"2019-02-28T12:18:16","slug":"delegacioni-i-be-se-ne-konference-shtypi-rinia-eshte-e-ardhmja-e-vendit","status":"publish","type":"post","link":"https:\/\/www.hashtag.al\/index.php\/2019\/02\/28\/delegacioni-i-be-se-ne-konference-shtypi-rinia-eshte-e-ardhmja-e-vendit\/","title":{"rendered":"Delegacioni i BE-s\u00eb n\u00eb konferenc\u00eb shtypi: Rinia \u00ebsht\u00eb e ardhmja e vendit!","gt_translate_keys":[{"key":"rendered","format":"text"}]},"content":{"rendered":"<p><img loading=\"lazy\" decoding=\"async\" class=\"aligncenter size-full wp-image-278347\" src=\"https:\/\/hashtag.al\/wp-content\/uploads\/2019\/02\/parlamentieuropiandelegacion.png\" alt=\"\" width=\"1098\" height=\"723\" \/><\/p>\n<p><span style=\"color: #000000;\">Delegacioni i Parlamentit Evropian ka dh\u00ebn\u00eb nj\u00eb konferenc\u00eb p\u00ebr shtyp pas p\u00ebrfundimit t\u00eb takimeve me krer\u00ebt e opozit\u00ebs dhe ata t\u00eb shumic\u00ebs. <\/span><\/p>\n<p><span style=\"color: #000000;\">Kreu i k\u00ebtij delegacioni, Kelam, deklaroi se shum\u00eb probleme n\u00eb vend mund t\u00eb zgjidhen me an\u00ebtar\u00ebsimin n\u00eb Bashkimin Evropian.<\/span><\/p>\n<p><span style=\"color: #000000;\"> Ai tha se pal\u00ebt duhet t\u00eb ulen t\u00eb dialogojn\u00eb, pasi kjo \u00ebsht\u00eb shum\u00eb e r\u00ebnd\u00ebsishme p\u00ebr kap\u00ebrcimin e kriz\u00ebs dhe \u00e7eljen e negociatave.<\/span><\/p>\n<p><span style=\"color: #000000;\"><em>&#8220;Kemi ardhur k\u00ebtu n\u00eb atmosfer\u00ebn e shpres\u00ebs. Vijm\u00eb nga 7 kombe t\u00eb ndryshme. Duam q\u00eb Shqip\u00ebria t\u00eb hap\u00eb negociatat dhe t\u00eb jet\u00eb pjes\u00eb e Bashkimit Evropian. Si\u00e7 kemi par\u00eb edhe n\u00eb kombe t\u00eb tjera, shum\u00eb probleme mund t\u00eb zgjidhen brenda BE-s\u00eb. <\/em><\/span><\/p>\n<p><span style=\"color: #000000;\"><em>\u00cbsht\u00eb jasht\u00ebzakonisht e r\u00ebnd\u00ebsishme q\u00eb t\u00eb mos shkaktohen vonesa t\u00eb tjera n\u00eb k\u00ebt\u00eb proces p\u00ebr shkak t\u00eb p\u00ebrplasjeve komb\u00ebtare. Keni b\u00ebr\u00eb progres n\u00eb shum\u00eb fusha por mbeten edhe shum\u00eb p\u00ebr t\u00eb b\u00ebr\u00eb. P\u00ebr \u00e7eljen e negociatave nevojitet bashk\u00ebpunim i brendsh\u00ebm. <\/em><\/span><\/p>\n<p><span style=\"color: #000000;\"><em>Sinjali m\u00eb i keq \u00ebsht\u00eb ndasia strategjike dhe politike. Konsensusi komb\u00ebtar \u00ebsht\u00eb jetik p\u00ebr k\u00ebt\u00eb proces. Mund t\u00eb ket\u00eb probleme me zgjedhjet por ato jan\u00eb t\u00eb pranuara. Nuk jemi dakord q\u00eb bojkoti i parlamentit \u00ebsht\u00eb gj\u00ebja e duhur p\u00ebr t\u2019u b\u00ebr\u00eb. <\/em><\/span><\/p>\n<p><span style=\"color: #000000;\"><em>U b\u00ebjm\u00eb thirrje partive politike, shoq\u00ebris\u00eb civile q\u00eb t\u00eb ushtrojn\u00eb presion mbi aktor\u00eb t\u00eb ndrysh\u00ebm p\u00ebr t\u00eb gjetur nj\u00eb zgjidhje. Protestat para parlamentit nuk duhet t\u00eb jen\u00eb t\u00eb dhunshme, sepse nuk \u00ebsht\u00eb m\u00ebnyr\u00eb demokratike p\u00ebr gjetjen e zgjidhjes.<\/em><\/span><\/p>\n<p><span style=\"color: #000000;\"><em>Shoq\u00ebria Civile duhet t\u00eb ket\u00eb akses n\u00eb ligjv\u00ebnie dhe t\u00eb mos flasin pasi ligjet miratohen. Duhet t\u00eb marrin pjes\u00eb n\u00eb ligjv\u00ebnie. E ardhmja e Shqip\u00ebris\u00eb \u00ebsht\u00eb rinia e saj. Ofrimi i arsimit t\u00eb lart\u00eb \u00ebsht\u00eb m\u00ebnyr\u00eb p\u00ebr t\u00eb shmangur largimin e rinis\u00eb nga vendi.&#8221; &#8211; <\/em>tha Kelam.<\/span><\/p>\n","protected":false,"gt_translate_keys":[{"key":"rendered","format":"html"}]},"excerpt":{"rendered":"<p>Delegacioni i Parlamentit Evropian ka dh\u00ebn\u00eb nj\u00eb konferenc\u00eb p\u00ebr shtyp pas p\u00ebrfundimit t\u00eb takimeve me krer\u00ebt e opozit\u00ebs dhe ata t\u00eb shumic\u00ebs. Kreu i k\u00ebtij delegacioni, Kelam, deklaroi se shum\u00eb probleme n\u00eb vend mund t\u00eb zgjidhen me an\u00ebtar\u00ebsimin n\u00eb Bashkimin Evropian. Ai tha se pal\u00ebt duhet t\u00eb ulen t\u00eb dialogojn\u00eb, pasi kjo \u00ebsht\u00eb shum\u00eb e [&hellip;]<\/p>\n","protected":false,"gt_translate_keys":[{"key":"rendered","format":"html"}]},"author":51,"featured_media":0,"comment_status":"open","ping_status":"open","sticky":false,"template":"","format":"standard","meta":{"footnotes":""},"categories":[65,13],"tags":[],"class_list":["post-278589","post","type-post","status-publish","format-standard","hentry","category-lajme","category-te-fundit"],"gt_translate_keys":[{"key":"link","format":"url"}],"_links":{"self":[{"href":"https:\/\/www.hashtag.al\/index.php\/wp-json\/wp\/v2\/posts\/278589","targetHints":{"allow":["GET"]}}],"collection":[{"href":"https:\/\/www.hashtag.al\/index.php\/wp-json\/wp\/v2\/posts"}],"about":[{"href":"https:\/\/www.hashtag.al\/index.php\/wp-json\/wp\/v2\/types\/post"}],"author":[{"embeddable":true,"href":"https:\/\/www.hashtag.al\/index.php\/wp-json\/wp\/v2\/users\/51"}],"replies":[{"embeddable":true,"href":"https:\/\/www.hashtag.al\/index.php\/wp-json\/wp\/v2\/comments?post=278589"}],"version-history":[{"count":0,"href":"https:\/\/www.hashtag.al\/index.php\/wp-json\/wp\/v2\/posts\/278589\/revisions"}],"wp:attachment":[{"href":"https:\/\/www.hashtag.al\/index.php\/wp-json\/wp\/v2\/media?parent=278589"}],"wp:term":[{"taxonomy":"category","embeddable":true,"href":"https:\/\/www.hashtag.al\/index.php\/wp-json\/wp\/v2\/categories?post=278589"},{"taxonomy":"post_tag","embeddable":true,"href":"https:\/\/www.hashtag.al\/index.php\/wp-json\/wp\/v2\/tags?post=278589"}],"curies":[{"name":"wp","href":"https:\/\/api.w.org\/{rel}","templated":true}]}}