{"id":278275,"date":"2019-02-26T23:41:28","date_gmt":"2019-02-26T22:41:28","guid":{"rendered":"https:\/\/hashtag.al\/?p=278275"},"modified":"2019-02-26T23:49:45","modified_gmt":"2019-02-26T22:49:45","slug":"te-shtena-me-arme-ne-tirane-plagoset-nje-person","status":"publish","type":"post","link":"https:\/\/www.hashtag.al\/index.php\/2019\/02\/26\/te-shtena-me-arme-ne-tirane-plagoset-nje-person\/","title":{"rendered":"T\u00eb sht\u00ebna me arm\u00eb n\u00eb Tiran\u00eb, plagoset nj\u00eb person","gt_translate_keys":[{"key":"rendered","format":"text"}]},"content":{"rendered":"<p><span style=\"color: #000000;\"><img loading=\"lazy\" decoding=\"async\" class=\"aligncenter size-full wp-image-266901\" src=\"https:\/\/hashtag.al\/wp-content\/uploads\/2019\/01\/policia-naten.jpg\" alt=\"\" width=\"633\" height=\"347\" srcset=\"https:\/\/www.hashtag.al\/wp-content\/uploads\/2019\/01\/policia-naten.jpg 633w, https:\/\/www.hashtag.al\/wp-content\/uploads\/2019\/01\/policia-naten-300x164.jpg 300w\" sizes=\"auto, (max-width: 633px) 100vw, 633px\" \/><\/span><\/p>\n<p><span style=\"color: #000000;\">T\u00eb sht\u00ebna me arm\u00eb zjarri jan\u00eb raportuar n\u00eb k\u00ebto momente n\u00eb zon\u00ebn e Bathores n\u00eb Tiran\u00eb.<\/span><\/p>\n<p><span style=\"color: #000000;\">Pas t\u00eb sht\u00ebnave me arm\u00eb ka mbetur i vet\u00ebplagosur nj\u00eb person.<\/span><\/p>\n<p><span style=\"color: #000000;\">Personi i plagosur \u00ebsht\u00eb d\u00ebrguar n\u00eb spital n\u00eb gjendje t\u00eb r\u00ebnd\u00eb.<\/span><\/p>\n<p><span style=\"color: #000000;\">Policia ka mb\u00ebrritur n\u00eb vendngjarje dhe po punon p\u00ebr zbardhjen e\u00a0 rrethanave t\u00eb ngjarjes.<\/span><\/p>\n<p><span style=\"color: #000000;\"><em>&#8220;M\u00eb dat\u00eb 26.02.2019, rreth or\u00ebs ?22:30,\u00a0 n\u00eb rrug\u00ebn \u201c 2 Prilli \u201d n\u00eb Kam\u00ebz dyshohet t\u00eb jet\u00eb vet\u00ebplagosur me arm\u00eb gjahu shtetasi E. A., 50 vje\u00e7, i cili ndodhet n\u00eb spital n\u00ebn kujdesin e mjek\u00ebve.<\/em><\/span><\/p>\n<p><span style=\"color: #000000;\"><em>Po punohet p\u00ebr zbardhjen e rrethaneve t\u00eb ngjarjes&#8221;-<\/em>thuhet n\u00eb njoftimin e policis\u00eb.<\/span><\/p>\n","protected":false,"gt_translate_keys":[{"key":"rendered","format":"html"}]},"excerpt":{"rendered":"<p>T\u00eb sht\u00ebna me arm\u00eb zjarri jan\u00eb raportuar n\u00eb k\u00ebto momente n\u00eb zon\u00ebn e Bathores n\u00eb Tiran\u00eb. Pas t\u00eb sht\u00ebnave me arm\u00eb ka mbetur i vet\u00ebplagosur nj\u00eb person. Personi i plagosur \u00ebsht\u00eb d\u00ebrguar n\u00eb spital n\u00eb gjendje t\u00eb r\u00ebnd\u00eb. Policia ka mb\u00ebrritur n\u00eb vendngjarje dhe po punon p\u00ebr zbardhjen e\u00a0 rrethanave t\u00eb ngjarjes. &#8220;M\u00eb dat\u00eb 26.02.2019, [&hellip;]<\/p>\n","protected":false,"gt_translate_keys":[{"key":"rendered","format":"html"}]},"author":32,"featured_media":231073,"comment_status":"open","ping_status":"open","sticky":false,"template":"","format":"standard","meta":{"footnotes":""},"categories":[65],"tags":[],"class_list":["post-278275","post","type-post","status-publish","format-standard","has-post-thumbnail","hentry","category-lajme"],"gt_translate_keys":[{"key":"link","format":"url"}],"_links":{"self":[{"href":"https:\/\/www.hashtag.al\/index.php\/wp-json\/wp\/v2\/posts\/278275","targetHints":{"allow":["GET"]}}],"collection":[{"href":"https:\/\/www.hashtag.al\/index.php\/wp-json\/wp\/v2\/posts"}],"about":[{"href":"https:\/\/www.hashtag.al\/index.php\/wp-json\/wp\/v2\/types\/post"}],"author":[{"embeddable":true,"href":"https:\/\/www.hashtag.al\/index.php\/wp-json\/wp\/v2\/users\/32"}],"replies":[{"embeddable":true,"href":"https:\/\/www.hashtag.al\/index.php\/wp-json\/wp\/v2\/comments?post=278275"}],"version-history":[{"count":0,"href":"https:\/\/www.hashtag.al\/index.php\/wp-json\/wp\/v2\/posts\/278275\/revisions"}],"wp:featuredmedia":[{"embeddable":true,"href":"https:\/\/www.hashtag.al\/index.php\/wp-json\/"}],"wp:attachment":[{"href":"https:\/\/www.hashtag.al\/index.php\/wp-json\/wp\/v2\/media?parent=278275"}],"wp:term":[{"taxonomy":"category","embeddable":true,"href":"https:\/\/www.hashtag.al\/index.php\/wp-json\/wp\/v2\/categories?post=278275"},{"taxonomy":"post_tag","embeddable":true,"href":"https:\/\/www.hashtag.al\/index.php\/wp-json\/wp\/v2\/tags?post=278275"}],"curies":[{"name":"wp","href":"https:\/\/api.w.org\/{rel}","templated":true}]}}