{"id":278002,"date":"2019-02-26T10:13:43","date_gmt":"2019-02-26T09:13:43","guid":{"rendered":"https:\/\/hashtag.al\/?p=278002"},"modified":"2019-02-26T10:56:44","modified_gmt":"2019-02-26T09:56:44","slug":"sms-ja-qe-po-qarkullon-me-shpejtesi-si-po-i-mbledh-rama-njerezit-per-takimin-ne-lushnje","status":"publish","type":"post","link":"https:\/\/www.hashtag.al\/index.php\/2019\/02\/26\/sms-ja-qe-po-qarkullon-me-shpejtesi-si-po-i-mbledh-rama-njerezit-per-takimin-ne-lushnje\/","title":{"rendered":"SMS-ja q\u00eb po qarkullon me shpejt\u00ebsi, si po i mbledh Rama njer\u00ebzit p\u00ebr takimin n\u00eb Lushnj\u00eb","gt_translate_keys":[{"key":"rendered","format":"text"}]},"content":{"rendered":"<p><img loading=\"lazy\" decoding=\"async\" class=\"aligncenter size-full wp-image-278003\" src=\"https:\/\/hashtag.al\/wp-content\/uploads\/2019\/02\/ramavlore2.jpg\" alt=\"\" width=\"964\" height=\"472\" srcset=\"https:\/\/www.hashtag.al\/wp-content\/uploads\/2019\/02\/ramavlore2.jpg 964w, https:\/\/www.hashtag.al\/wp-content\/uploads\/2019\/02\/ramavlore2-300x147.jpg 300w, https:\/\/www.hashtag.al\/wp-content\/uploads\/2019\/02\/ramavlore2-768x376.jpg 768w\" sizes=\"auto, (max-width: 964px) 100vw, 964px\" \/><\/p>\n<p><span style=\"color: #000000;\">Kryeministri Rama do zhvilloj\u00eb nj\u00eb takim sot n\u00eb qytetin e Lushnj\u00ebs dhe administrata ka nisur p\u00ebrgatitjet p\u00ebr t\u00eb qen\u00eb sa m\u00eb e shumt\u00eb n\u00eb num\u00ebr. <\/span><\/p>\n<p><span style=\"color: #000000;\">N\u00eb nj\u00eb mesazh t\u00eb shp\u00ebrndar\u00eb mes pjes\u00ebmarr\u00ebsve, thuhes se n\u00eb takimin e or\u00ebn 15 e 30 t\u00eb kreut t\u00eb qeveris\u00eb n\u00eb Lushnj\u00eb, duhet nj\u00eb pjes\u00ebmarrje sa m\u00eb e madhe, madje edhe m\u00eb e madhe se ajo e Vlor\u00ebs n\u00eb dat\u00ebn 16 shkurt. <\/span><\/p>\n<p><span style=\"color: #000000;\">Nd\u00ebrsa tregohet edhe m\u00ebnyra sesi do b\u00ebhet l\u00ebvizja dhe organizimi.<\/span><\/p>\n<p><span style=\"color: #000000;\">N\u00eb dat\u00ebn 16 shkurt mij\u00ebra qytetar\u00eb u mblodh\u00ebn para kryeministris\u00eb n\u00eb nj\u00eb protest\u00eb masive kund\u00ebr qeverisjes. <\/span><\/p>\n<p><span style=\"color: #000000;\">N\u00eb t\u00eb nj\u00ebjt\u00ebn dit\u00eb, Rama zhvilloi nj\u00eb takim n\u00eb Vlor\u00eb, por si\u00e7 rezultoi, nj\u00eb pjes\u00eb e mir\u00eb e pjes\u00ebmarr\u00ebsve t\u00eb takimit ishin importuar nga Lushnja, Fieri, Durr\u00ebsi e Skrapari. E nj\u00ebjta skem\u00eb duket se po p\u00ebrdoret edhe n\u00eb takimin e sot\u00ebm n\u00eb Lushnj\u00eb.<\/span><\/p>\n<p><span style=\"color: #000000;\">Nd\u00ebrkoh\u00eb q\u00eb n\u00eb or\u00ebn 17:00, Kuvendi do mblidhet n\u00eb seanc\u00eb plenare p\u00ebr t\u00eb z\u00ebvend\u00ebsuar senac\u00ebn e s\u00eb enjtes s\u00eb shkuar.<\/span><\/p>\n<p><img loading=\"lazy\" decoding=\"async\" class=\"aligncenter size-full wp-image-278005\" src=\"https:\/\/hashtag.al\/wp-content\/uploads\/2019\/02\/Ramalushnje26shkurt-e1551172342537.jpg\" alt=\"\" width=\"619\" height=\"888\" srcset=\"https:\/\/www.hashtag.al\/wp-content\/uploads\/2019\/02\/Ramalushnje26shkurt-e1551172342537.jpg 619w, https:\/\/www.hashtag.al\/wp-content\/uploads\/2019\/02\/Ramalushnje26shkurt-e1551172342537-209x300.jpg 209w\" sizes=\"auto, (max-width: 619px) 100vw, 619px\" \/><\/p>\n","protected":false,"gt_translate_keys":[{"key":"rendered","format":"html"}]},"excerpt":{"rendered":"<p>Kryeministri Rama do zhvilloj\u00eb nj\u00eb takim sot n\u00eb qytetin e Lushnj\u00ebs dhe administrata ka nisur p\u00ebrgatitjet p\u00ebr t\u00eb qen\u00eb sa m\u00eb e shumt\u00eb n\u00eb num\u00ebr. N\u00eb nj\u00eb mesazh t\u00eb shp\u00ebrndar\u00eb mes pjes\u00ebmarr\u00ebsve, thuhes se n\u00eb takimin e or\u00ebn 15 e 30 t\u00eb kreut t\u00eb qeveris\u00eb n\u00eb Lushnj\u00eb, duhet nj\u00eb pjes\u00ebmarrje sa m\u00eb e madhe, madje [&hellip;]<\/p>\n","protected":false,"gt_translate_keys":[{"key":"rendered","format":"html"}]},"author":51,"featured_media":278004,"comment_status":"open","ping_status":"open","sticky":false,"template":"","format":"standard","meta":{"footnotes":""},"categories":[65,13],"tags":[],"class_list":["post-278002","post","type-post","status-publish","format-standard","has-post-thumbnail","hentry","category-lajme","category-te-fundit"],"gt_translate_keys":[{"key":"link","format":"url"}],"_links":{"self":[{"href":"https:\/\/www.hashtag.al\/index.php\/wp-json\/wp\/v2\/posts\/278002","targetHints":{"allow":["GET"]}}],"collection":[{"href":"https:\/\/www.hashtag.al\/index.php\/wp-json\/wp\/v2\/posts"}],"about":[{"href":"https:\/\/www.hashtag.al\/index.php\/wp-json\/wp\/v2\/types\/post"}],"author":[{"embeddable":true,"href":"https:\/\/www.hashtag.al\/index.php\/wp-json\/wp\/v2\/users\/51"}],"replies":[{"embeddable":true,"href":"https:\/\/www.hashtag.al\/index.php\/wp-json\/wp\/v2\/comments?post=278002"}],"version-history":[{"count":0,"href":"https:\/\/www.hashtag.al\/index.php\/wp-json\/wp\/v2\/posts\/278002\/revisions"}],"wp:featuredmedia":[{"embeddable":true,"href":"https:\/\/www.hashtag.al\/index.php\/wp-json\/wp\/v2\/media\/278004"}],"wp:attachment":[{"href":"https:\/\/www.hashtag.al\/index.php\/wp-json\/wp\/v2\/media?parent=278002"}],"wp:term":[{"taxonomy":"category","embeddable":true,"href":"https:\/\/www.hashtag.al\/index.php\/wp-json\/wp\/v2\/categories?post=278002"},{"taxonomy":"post_tag","embeddable":true,"href":"https:\/\/www.hashtag.al\/index.php\/wp-json\/wp\/v2\/tags?post=278002"}],"curies":[{"name":"wp","href":"https:\/\/api.w.org\/{rel}","templated":true}]}}