{"id":277923,"date":"2019-02-25T22:10:21","date_gmt":"2019-02-25T21:10:21","guid":{"rendered":"https:\/\/hashtag.al\/?p=277923"},"modified":"2019-02-25T22:10:21","modified_gmt":"2019-02-25T21:10:21","slug":"federata-spanjolle-nuk-pranon-simbolet-shteterore-te-kosoves","status":"publish","type":"post","link":"https:\/\/www.hashtag.al\/index.php\/2019\/02\/25\/federata-spanjolle-nuk-pranon-simbolet-shteterore-te-kosoves\/","title":{"rendered":"Federata spanjolle nuk pranon simbolet shtet\u00ebrore t\u00eb Kosov\u00ebs","gt_translate_keys":[{"key":"rendered","format":"text"}]},"content":{"rendered":"<p><img loading=\"lazy\" decoding=\"async\" class=\"aligncenter size-full wp-image-277924\" src=\"https:\/\/hashtag.al\/wp-content\/uploads\/2019\/02\/kosova.jpg\" alt=\"\" width=\"933\" height=\"445\" srcset=\"https:\/\/www.hashtag.al\/wp-content\/uploads\/2019\/02\/kosova.jpg 933w, https:\/\/www.hashtag.al\/wp-content\/uploads\/2019\/02\/kosova-300x143.jpg 300w, https:\/\/www.hashtag.al\/wp-content\/uploads\/2019\/02\/kosova-768x366.jpg 768w\" sizes=\"auto, (max-width: 933px) 100vw, 933px\" \/><\/p>\n<p><span style=\"color: #000000;\">Federata Spanjolle e Futbollit nuk ka pranuar q\u00eb P\u00ebrfaq\u00ebsuesja e Kosov\u00ebs t\u00eb zhvilloj\u00eb ndeshjet e grupit t\u00eb pest\u00eb p\u00ebr kampionatin evropian U-17 \u201cIrlanda 2019\u201d me simbole shtet\u00ebrore.<\/span><\/p>\n<p><span style=\"color: #000000;\">Federata Spanjolle k\u00ebrkoi nga Federata e Futbollit t\u00eb Kosov\u00ebs q\u00eb t\u00eb mos prezantohet me simbole shtet\u00ebrore duke k\u00ebrkuar k\u00ebshtu gjetjen e nj\u00eb zgjidhjeje alternative apo p\u00ebrdorimin e flamurit t\u00eb UEFA-s, raporton REL.<\/span><\/p>\n<p><span style=\"color: #000000;\">Sekretari i Federat\u00ebs s\u00eb Futbollit t\u00eb Kosov\u00ebs, Eroll Salihu tha p\u00ebr Radio Evropa e Lir\u00eb se pas ankes\u00ebs s\u00eb FFK-s\u00eb n\u00eb UEFA \u00ebsht\u00eb vendosur q\u00eb ndeshjet t\u00eb zhvillohen n\u00eb shtetin e Zvicr\u00ebs.<\/span><\/p>\n<p><span style=\"color: #000000;\">\u201cNe kemi shkruar let\u00ebr dhe kemi th\u00ebn\u00eb se n\u00eb asnj\u00eb \u00e7ast ne nuk pranojm\u00eb me marr\u00eb pjes\u00eb n\u00eb asnj\u00eb gar\u00eb t\u00eb UEFA-s n\u00eb t\u00eb cil\u00ebn nuk shpaloset flamuri edhe himni i Kosov\u00ebs. Ata kan\u00eb th\u00ebn\u00eb se a b\u00ebn\u00eb me logo t\u00eb federat\u00ebs?! Ne u kemi th\u00ebn\u00eb se asnj\u00eb lloj kompromisi nuk b\u00ebjm\u00eb vet\u00ebm k\u00ebrkojm\u00eb t\u00eb luajm\u00eb futboll\u201d, tha Salihu.<\/span><\/p>\n<p><span style=\"color: #000000;\">Federata e Futbollit t\u00eb Kosov\u00ebs b\u00ebri t\u00eb ditur se ka k\u00ebrkuar masa nd\u00ebshkimore ndaj shteteve t\u00eb cilat p\u00ebr arsye politike pengojn\u00eb apo nuk mund t\u00eb organizojn\u00eb ndeshje t\u00eb futbollit.<\/span><\/p>\n<p><span style=\"color: #000000;\">\u201cKemi k\u00ebrkuar nga UEFA q\u00eb t\u00eb ket\u00eb pasoja p\u00ebr shtetet q\u00eb nuk jan\u00eb t\u00eb gatshme t\u00eb organizojn\u00eb, kan\u00eb probleme, konteste. K\u00ebshtu q\u00eb \u00ebsht\u00eb nj\u00eb m\u00ebsim i mir\u00eb p\u00ebr Spanj\u00ebn, p\u00ebr t\u00eb keq, kuptohet\u201d, deklaroi Salihu.<\/span><\/p>\n<p><span style=\"color: #000000;\">Sekretari i FFK-s\u00eb, Eroll Salihu, tha se UEFA ka pasur q\u00ebndrim korrekt p\u00ebr sa i takon k\u00ebtij rasti.<\/span><\/p>\n<p><span style=\"color: #000000;\">\u201cTregues i k\u00ebsaj \u00ebsht\u00eb vet fakti pse Spanj\u00ebs i \u00ebsht\u00eb marr\u00eb e drejta e organizimit t\u00eb k\u00ebtyre ndeshjeve\u201d,\u00a0tha Salihu.<\/span><\/p>\n<p><span style=\"color: #000000;\">N\u00eb kuad\u00ebr t\u00eb kampionatit U-17 \u201cIrlanda 2019\u201d, Kosova do t\u00eb p\u00ebrballet edhe me dy shtete q\u00eb nuk e kan\u00eb njohur shtetin e Kosov\u00ebs, duke p\u00ebrfshir\u00eb, Greqin\u00eb dhe Ukrain\u00ebn. Ndeshjet e k\u00ebtij grupi do t\u00eb zhvillohen prej 25 deri m\u00eb 31 mars t\u00eb k\u00ebtij viti.<\/span><\/p>\n<p><span style=\"color: #000000;\">Edhe m\u00eb her\u00ebt shteti spanjoll ka penguar sportist\u00ebt nga Kosova. Kampionati Evropian p\u00ebr Junior n\u00eb Pesh\u00ebngritje u zhvillua n\u00eb Poloni ani pse fillimisht kjo e drejt\u00eb i ishte dh\u00ebn\u00eb Spanj\u00ebs. Asaj iu hoq e drejta pasi nuk lejoi pjes\u00ebmarrjen e pesh\u00ebngrit\u00ebsve kosovar\u00eb me simbole t\u00eb Kosov\u00ebs.\u00a0<\/span><\/p>\n","protected":false,"gt_translate_keys":[{"key":"rendered","format":"html"}]},"excerpt":{"rendered":"<p>Federata Spanjolle e Futbollit nuk ka pranuar q\u00eb P\u00ebrfaq\u00ebsuesja e Kosov\u00ebs t\u00eb zhvilloj\u00eb ndeshjet e grupit t\u00eb pest\u00eb p\u00ebr kampionatin evropian U-17 \u201cIrlanda 2019\u201d me simbole shtet\u00ebrore. Federata Spanjolle k\u00ebrkoi nga Federata e Futbollit t\u00eb Kosov\u00ebs q\u00eb t\u00eb mos prezantohet me simbole shtet\u00ebrore duke k\u00ebrkuar k\u00ebshtu gjetjen e nj\u00eb zgjidhjeje alternative apo p\u00ebrdorimin e flamurit [&hellip;]<\/p>\n","protected":false,"gt_translate_keys":[{"key":"rendered","format":"html"}]},"author":32,"featured_media":277924,"comment_status":"open","ping_status":"open","sticky":false,"template":"","format":"standard","meta":{"footnotes":""},"categories":[149],"tags":[],"class_list":["post-277923","post","type-post","status-publish","format-standard","has-post-thumbnail","hentry","category-kosoverajon"],"gt_translate_keys":[{"key":"link","format":"url"}],"_links":{"self":[{"href":"https:\/\/www.hashtag.al\/index.php\/wp-json\/wp\/v2\/posts\/277923","targetHints":{"allow":["GET"]}}],"collection":[{"href":"https:\/\/www.hashtag.al\/index.php\/wp-json\/wp\/v2\/posts"}],"about":[{"href":"https:\/\/www.hashtag.al\/index.php\/wp-json\/wp\/v2\/types\/post"}],"author":[{"embeddable":true,"href":"https:\/\/www.hashtag.al\/index.php\/wp-json\/wp\/v2\/users\/32"}],"replies":[{"embeddable":true,"href":"https:\/\/www.hashtag.al\/index.php\/wp-json\/wp\/v2\/comments?post=277923"}],"version-history":[{"count":0,"href":"https:\/\/www.hashtag.al\/index.php\/wp-json\/wp\/v2\/posts\/277923\/revisions"}],"wp:featuredmedia":[{"embeddable":true,"href":"https:\/\/www.hashtag.al\/index.php\/wp-json\/wp\/v2\/media\/277924"}],"wp:attachment":[{"href":"https:\/\/www.hashtag.al\/index.php\/wp-json\/wp\/v2\/media?parent=277923"}],"wp:term":[{"taxonomy":"category","embeddable":true,"href":"https:\/\/www.hashtag.al\/index.php\/wp-json\/wp\/v2\/categories?post=277923"},{"taxonomy":"post_tag","embeddable":true,"href":"https:\/\/www.hashtag.al\/index.php\/wp-json\/wp\/v2\/tags?post=277923"}],"curies":[{"name":"wp","href":"https:\/\/api.w.org\/{rel}","templated":true}]}}