{"id":277888,"date":"2019-02-25T18:57:22","date_gmt":"2019-02-25T17:57:22","guid":{"rendered":"https:\/\/hashtag.al\/?p=277888"},"modified":"2019-02-25T18:57:22","modified_gmt":"2019-02-25T17:57:22","slug":"shkeputja-e-ashensorit-bashke-me-24-vjecaren-ne-don-bosko-shoqerohet-ne-polici-administratori-i-pallatit","status":"publish","type":"post","link":"https:\/\/www.hashtag.al\/index.php\/2019\/02\/25\/shkeputja-e-ashensorit-bashke-me-24-vjecaren-ne-don-bosko-shoqerohet-ne-polici-administratori-i-pallatit\/","title":{"rendered":"Shk\u00ebputja e ashensorit bashk\u00eb me 24-vje\u00e7aren n\u00eb Don Bosko, shoq\u00ebrohet n\u00eb polici administratori i pallatit","gt_translate_keys":[{"key":"rendered","format":"text"}]},"content":{"rendered":"<p><img loading=\"lazy\" decoding=\"async\" class=\"aligncenter size-full wp-image-277836\" src=\"https:\/\/hashtag.al\/wp-content\/uploads\/2019\/02\/ashensor.jpg\" alt=\"\" width=\"678\" height=\"381\" srcset=\"https:\/\/www.hashtag.al\/wp-content\/uploads\/2019\/02\/ashensor.jpg 678w, https:\/\/www.hashtag.al\/wp-content\/uploads\/2019\/02\/ashensor-300x169.jpg 300w\" sizes=\"auto, (max-width: 678px) 100vw, 678px\" \/><\/p>\n<p><span style=\"color: #000000;\">\u00cbsht\u00eb shoq\u00ebruar n\u00eb komisariat administratori i pallatit n\u00eb zon\u00ebn e \u201cDon Boskos\u201d n\u00eb Tiran\u00eb, aty ku minuta m\u00eb par\u00eb u aksidentua 24-vje\u00e7arja.<\/span><\/p>\n<p><span style=\"color: #000000;\">24-vje\u00e7arja, Denada Begaj mbeti e plagosur r\u00ebnd\u00eb pasi ashensori i pallatit u shk\u00ebput nga kati I kat\u00ebrt n\u00eb t\u00eb parin<\/span><\/p>\n<p><span style=\"color: #000000;\">\u00a0Sipas informacioneve m\u00eb t\u00eb fundit, kabujt e ashensorit jan\u00eb shk\u00ebputur duke b\u00ebr\u00eb q\u00eb ashensori t\u00eb shk\u00ebputet bashk\u00eb me 24-vje\u00e7aren brenda.<\/span><\/p>\n<p><span style=\"color: #000000;\">24-vje\u00e7arja \u00ebsht\u00eb transportuar menj\u00ebher\u00eb n\u00eb spitalin e Traum\u00ebs me d\u00ebmtime t\u00eb r\u00ebnda.\u00a0<\/span><\/p>\n<p><span style=\"color: #000000;\">Nd\u00ebrkoh\u00eb po b\u00ebhen verifikimet p\u00ebrkat\u00ebse p\u00ebr kushtet teknike t\u00eb ashensorit dhe shkakun e r\u00ebnies.<\/span><\/p>\n<p>&nbsp;<\/p>\n","protected":false,"gt_translate_keys":[{"key":"rendered","format":"html"}]},"excerpt":{"rendered":"<p>\u00cbsht\u00eb shoq\u00ebruar n\u00eb komisariat administratori i pallatit n\u00eb zon\u00ebn e \u201cDon Boskos\u201d n\u00eb Tiran\u00eb, aty ku minuta m\u00eb par\u00eb u aksidentua 24-vje\u00e7arja. 24-vje\u00e7arja, Denada Begaj mbeti e plagosur r\u00ebnd\u00eb pasi ashensori i pallatit u shk\u00ebput nga kati I kat\u00ebrt n\u00eb t\u00eb parin \u00a0Sipas informacioneve m\u00eb t\u00eb fundit, kabujt e ashensorit jan\u00eb shk\u00ebputur duke b\u00ebr\u00eb q\u00eb [&hellip;]<\/p>\n","protected":false,"gt_translate_keys":[{"key":"rendered","format":"html"}]},"author":32,"featured_media":277836,"comment_status":"open","ping_status":"open","sticky":false,"template":"","format":"standard","meta":{"footnotes":""},"categories":[65,13],"tags":[],"class_list":["post-277888","post","type-post","status-publish","format-standard","has-post-thumbnail","hentry","category-lajme","category-te-fundit"],"gt_translate_keys":[{"key":"link","format":"url"}],"_links":{"self":[{"href":"https:\/\/www.hashtag.al\/index.php\/wp-json\/wp\/v2\/posts\/277888","targetHints":{"allow":["GET"]}}],"collection":[{"href":"https:\/\/www.hashtag.al\/index.php\/wp-json\/wp\/v2\/posts"}],"about":[{"href":"https:\/\/www.hashtag.al\/index.php\/wp-json\/wp\/v2\/types\/post"}],"author":[{"embeddable":true,"href":"https:\/\/www.hashtag.al\/index.php\/wp-json\/wp\/v2\/users\/32"}],"replies":[{"embeddable":true,"href":"https:\/\/www.hashtag.al\/index.php\/wp-json\/wp\/v2\/comments?post=277888"}],"version-history":[{"count":0,"href":"https:\/\/www.hashtag.al\/index.php\/wp-json\/wp\/v2\/posts\/277888\/revisions"}],"wp:featuredmedia":[{"embeddable":true,"href":"https:\/\/www.hashtag.al\/index.php\/wp-json\/wp\/v2\/media\/277836"}],"wp:attachment":[{"href":"https:\/\/www.hashtag.al\/index.php\/wp-json\/wp\/v2\/media?parent=277888"}],"wp:term":[{"taxonomy":"category","embeddable":true,"href":"https:\/\/www.hashtag.al\/index.php\/wp-json\/wp\/v2\/categories?post=277888"},{"taxonomy":"post_tag","embeddable":true,"href":"https:\/\/www.hashtag.al\/index.php\/wp-json\/wp\/v2\/tags?post=277888"}],"curies":[{"name":"wp","href":"https:\/\/api.w.org\/{rel}","templated":true}]}}