{"id":277882,"date":"2019-02-25T18:35:40","date_gmt":"2019-02-25T17:35:40","guid":{"rendered":"https:\/\/hashtag.al\/?p=277882"},"modified":"2019-02-25T18:41:15","modified_gmt":"2019-02-25T17:41:15","slug":"basha-ben-deklaraten-e-forte-po-pergatitet-arrestimi-i-vangjush-dakos","status":"publish","type":"post","link":"https:\/\/www.hashtag.al\/index.php\/2019\/02\/25\/basha-ben-deklaraten-e-forte-po-pergatitet-arrestimi-i-vangjush-dakos\/","title":{"rendered":"Basha b\u00ebn deklarat\u00ebn e fort\u00eb: Po p\u00ebrgatitet arrestimi i Vangjush Dakos","gt_translate_keys":[{"key":"rendered","format":"text"}]},"content":{"rendered":"<p><span style=\"color: #000000;\"><img loading=\"lazy\" decoding=\"async\" class=\"aligncenter size-full wp-image-277345\" src=\"https:\/\/hashtag.al\/wp-content\/uploads\/2019\/02\/basha3-e1550942568188.jpg\" alt=\"\" width=\"806\" height=\"556\" srcset=\"https:\/\/www.hashtag.al\/wp-content\/uploads\/2019\/02\/basha3-e1550942568188.jpg 806w, https:\/\/www.hashtag.al\/wp-content\/uploads\/2019\/02\/basha3-e1550942568188-300x207.jpg 300w, https:\/\/www.hashtag.al\/wp-content\/uploads\/2019\/02\/basha3-e1550942568188-768x530.jpg 768w\" sizes=\"auto, (max-width: 806px) 100vw, 806px\" \/><\/span><\/p>\n<p><span style=\"color: #000000;\">Kreu i demokrat\u00ebve Lulzim Basha pas mbledhjes me kryetar\u00ebt e e d\u00ebg\u00ebve t\u00eb Partis\u00eb Demokratike t\u00eb Tiran\u00ebs ka deklaruar se po p\u00ebrgatitet arrestimi i Vangjush Dakos.<\/span><\/p>\n<p><span style=\"color: #000000;\">\u201c<em>Ajo q\u00eb dua t\u00eb ndaj me ju \u00ebsht\u00eb nj\u00eb paralajm\u00ebrim i qart\u00eb dhe i prer\u00eb p\u00ebr Edi Ram\u00ebn. Asnj\u00eb p\u00ebrpjekje fasad\u00eb nuk e shp\u00ebton nga p\u00ebrgjegj\u00ebsia ligjore q\u00eb ka. \u00cbsht\u00eb kapur duke vjedhur zgjedhje me bandat. Or\u00ebt e fundit jan\u00eb intensifikuar informacionet se po p\u00ebrgatitet arrestimi i Vangjush Dakos. Dosja 339 faktoi se ai dhe zyrtar\u00eb t\u00eb tjer\u00eb jan\u00eb kapur duke vjedhur vota. Mos arrestimi me urdh\u00ebr t\u00eb Edi Ram\u00ebs. P\u00ebr t\u00eb mos e arrestuar Rama flijoi Fatmir Xhaf\u00ebn. Arrestimi i Dakos duhet t\u00eb ndodh\u00eb nj\u00eb or\u00eb e m\u00eb par\u00eb por nuk e shp\u00ebton do<\/em>t\u201d-deklaroi Basha nga selia blu.<\/span><\/p>\n","protected":false,"gt_translate_keys":[{"key":"rendered","format":"html"}]},"excerpt":{"rendered":"<p>Kreu i demokrat\u00ebve Lulzim Basha pas mbledhjes me kryetar\u00ebt e e d\u00ebg\u00ebve t\u00eb Partis\u00eb Demokratike t\u00eb Tiran\u00ebs ka deklaruar se po p\u00ebrgatitet arrestimi i Vangjush Dakos. \u201cAjo q\u00eb dua t\u00eb ndaj me ju \u00ebsht\u00eb nj\u00eb paralajm\u00ebrim i qart\u00eb dhe i prer\u00eb p\u00ebr Edi Ram\u00ebn. Asnj\u00eb p\u00ebrpjekje fasad\u00eb nuk e shp\u00ebton nga p\u00ebrgjegj\u00ebsia ligjore q\u00eb ka. [&hellip;]<\/p>\n","protected":false,"gt_translate_keys":[{"key":"rendered","format":"html"}]},"author":32,"featured_media":277317,"comment_status":"open","ping_status":"open","sticky":false,"template":"","format":"standard","meta":{"footnotes":""},"categories":[65,13],"tags":[],"class_list":["post-277882","post","type-post","status-publish","format-standard","has-post-thumbnail","hentry","category-lajme","category-te-fundit"],"gt_translate_keys":[{"key":"link","format":"url"}],"_links":{"self":[{"href":"https:\/\/www.hashtag.al\/index.php\/wp-json\/wp\/v2\/posts\/277882","targetHints":{"allow":["GET"]}}],"collection":[{"href":"https:\/\/www.hashtag.al\/index.php\/wp-json\/wp\/v2\/posts"}],"about":[{"href":"https:\/\/www.hashtag.al\/index.php\/wp-json\/wp\/v2\/types\/post"}],"author":[{"embeddable":true,"href":"https:\/\/www.hashtag.al\/index.php\/wp-json\/wp\/v2\/users\/32"}],"replies":[{"embeddable":true,"href":"https:\/\/www.hashtag.al\/index.php\/wp-json\/wp\/v2\/comments?post=277882"}],"version-history":[{"count":0,"href":"https:\/\/www.hashtag.al\/index.php\/wp-json\/wp\/v2\/posts\/277882\/revisions"}],"wp:featuredmedia":[{"embeddable":true,"href":"https:\/\/www.hashtag.al\/index.php\/wp-json\/wp\/v2\/media\/277317"}],"wp:attachment":[{"href":"https:\/\/www.hashtag.al\/index.php\/wp-json\/wp\/v2\/media?parent=277882"}],"wp:term":[{"taxonomy":"category","embeddable":true,"href":"https:\/\/www.hashtag.al\/index.php\/wp-json\/wp\/v2\/categories?post=277882"},{"taxonomy":"post_tag","embeddable":true,"href":"https:\/\/www.hashtag.al\/index.php\/wp-json\/wp\/v2\/tags?post=277882"}],"curies":[{"name":"wp","href":"https:\/\/api.w.org\/{rel}","templated":true}]}}