{"id":277879,"date":"2019-02-25T18:31:01","date_gmt":"2019-02-25T17:31:01","guid":{"rendered":"https:\/\/hashtag.al\/?p=277879"},"modified":"2019-02-25T18:31:01","modified_gmt":"2019-02-25T17:31:01","slug":"drejtuesja-e-re-e-cdu-rusia-perpjekje-te-vazhdueshme-per-destabilizimin-e-evropes","status":"publish","type":"post","link":"https:\/\/www.hashtag.al\/index.php\/2019\/02\/25\/drejtuesja-e-re-e-cdu-rusia-perpjekje-te-vazhdueshme-per-destabilizimin-e-evropes\/","title":{"rendered":"Drejtuesja e re e CDU: Rusia p\u00ebrpjekje t\u00eb vazhdueshme p\u00ebr destabilizimin e evrop\u00ebs","gt_translate_keys":[{"key":"rendered","format":"text"}]},"content":{"rendered":"<p><img loading=\"lazy\" decoding=\"async\" class=\"aligncenter size-full wp-image-277880\" src=\"https:\/\/hashtag.al\/wp-content\/uploads\/2019\/02\/kramp-karrenbauer-img-0.jpeg\" alt=\"\" width=\"820\" height=\"461\" srcset=\"https:\/\/www.hashtag.al\/wp-content\/uploads\/2019\/02\/kramp-karrenbauer-img-0.jpeg 820w, https:\/\/www.hashtag.al\/wp-content\/uploads\/2019\/02\/kramp-karrenbauer-img-0-300x169.jpeg 300w, https:\/\/www.hashtag.al\/wp-content\/uploads\/2019\/02\/kramp-karrenbauer-img-0-768x432.jpeg 768w\" sizes=\"auto, (max-width: 820px) 100vw, 820px\" \/><\/p>\n<p><span style=\"color: #000000;\">N\u00eb prag t\u00eb Konferenc\u00ebs s\u00eb Mynihut p\u00ebr Sigurin\u00eb, drejtuesja e re e CDU-s\u00eb, Anegret Kramp Karrenbauer, komenton politik\u00ebn e jashtme t\u00eb Gjermanis\u00eb n\u00eb nj\u00eb intervist\u00eb t\u00eb dh\u00ebn\u00eb p\u00ebr \u201cBerlin Policy Journal\u201d.<\/span><\/p>\n<p><span style=\"color: #000000;\">Ajo e sheh politik\u00ebn e jashtme t\u00eb ndar\u00eb n\u00eb disa akse: Aksi Evropian, p\u00ebr t\u00eb cil\u00ebn Gjermania ka interes t\u00eb madh q\u00eb ta shoh\u00eb me mjaftuesh\u00ebm fuqi p\u00ebr t\u00eb vepruar. Aksi tjet\u00ebr \u00ebsht\u00eb aksi trans-atlantik, Europ\u00eb-Amerik\u00eb, q\u00eb p\u00ebr Karrenbauerin duket i v\u00ebshtir\u00eb p\u00ebr momentin, p\u00ebr shkak t\u00eb mosmarr\u00ebveshjeve midis SHBA-ve dhe BE-s\u00eb, sidomos SHBA-Gjermani.<\/span><\/p>\n<p><span style=\"color: #000000;\">\u201cSfida m\u00eb e r\u00ebnd\u00ebsishme p\u00ebr ne \u00ebsht\u00eb t\u00eb ruajm\u00eb aleanc\u00ebn dhe miq\u00ebsin\u00eb, sidomos me shenjat q\u00eb po shihen, kur sondazhet tregojn\u00eb se shum\u00eb Gjerman\u00eb kan\u00eb m\u00eb shum\u00eb besim te president\u00ebt e Kin\u00ebs apo Rusis\u00eb, sesa te ai i SHBA-ve\u201d, thot\u00eb ajo.<\/span><\/p>\n<p><span style=\"color: #000000;\">Gazetar\u00ebt Andreas Rinke dhe Martin Bialecki i p\u00ebrmendin rastin kur Karrenbauer ka th\u00ebn\u00eb se si Trump, ashtu dhe Putin, jan\u00eb t\u00eb v\u00ebshtir\u00eb p\u00ebr t\u00eb dialoguar. Por ajoi k\u00ebmb\u00ebngul q\u00eb kjo deklarat\u00eb nuk i barazon dy udh\u00ebheq\u00ebsit: \u201cPavar\u00ebsisht debateve, jam m\u00eb af\u00ebr SHBA-ve, ndaj nuk \u00ebsht\u00eb \u00e7\u00ebshtje barazimi. Ajo q\u00eb kam dashur t\u00eb them \u00ebsht\u00eb se n\u00eb klim\u00ebn e tanishme, t\u00eb dy vendet paraqesin sfida t\u00eb m\u00ebdha p\u00ebr bashk\u00ebpunim\u201d, shtoi ajo. \u201cRusia \u00ebsht\u00eb shum\u00eb m\u00eb af\u00ebr me Gjermanin\u00eb nga pik\u00ebpamja gjeografike, por edhe m\u00eb problematike, pasi planet e Rusis\u00eb jan\u00eb q\u00eb t\u00eb destabilizojn\u00eb Europ\u00ebn. Rusia do q\u00eb t\u00eb shoh\u00eb fqinj m\u00eb t\u00eb dob\u00ebt, n\u00eb m\u00ebnyr\u00eb q\u00eb t\u00eb shtoj\u00eb fuqin\u00eb e vet. K\u00ebto bien ndesh me interesat e Europ\u00ebs dhe t\u00eb Gjermanis\u00eb. Po ashtu, Kina, e cila ka nj\u00eb regjim shum\u00eb t\u00eb ashp\u00ebr, ka vlera q\u00eb ndryshojn\u00eb nga tonat dhe q\u00eb ata p\u00ebrpiqen t\u2019i p\u00ebrhapin n\u00ebp\u00ebr bot\u00eb.\u201d<\/span><\/p>\n<p><span style=\"color: #000000;\">Kur u pyet rreth prirjeve t\u00eb SHBA-ve p\u00ebr t\u2019u mbyllur brenda vetes, drejtuesja e partis\u00eb m\u00eb t\u00eb madhe gjermane tha se kjo nuk \u00ebsht\u00eb gj\u00eb e re, pasi e nj\u00ebjta politik\u00eb \u00ebsht\u00eb ndjekur edhe nga Obama. Ndryshimi tani \u00ebsht\u00eb q\u00eb Trump e sheh politik\u00ebn e jashtme me vendet aleate t\u00eb Europ\u00ebs dhe me NATO-n m\u00eb shum\u00eb si \u00e7\u00ebshtje biznesi. Dhe p\u00ebr sa koh\u00eb q\u00eb n\u00eb SHBA nuk duket se ka debate p\u00ebr ta ndaluar k\u00ebt\u00eb rrug\u00ebtim, Europa dhe Gjermania duhet t\u00eb marrin m\u00eb shum\u00eb p\u00ebrgjegj\u00ebsi n\u00eb aren\u00ebn bot\u00ebrore. \u201c\u00cbsht\u00eb \u00e7\u00ebshtje pozicionimi n\u00eb aren\u00ebn bot\u00ebrore. Duhet t\u00eb pyesim veten n\u00ebse jemi t\u00eb k\u00ebnaqur me t\u00eb qenit ekonomi e fuqishme, apo n\u00ebse duam t\u00eb marrim m\u00eb shum\u00eb p\u00ebrgjegj\u00ebsi. Gjermania nuk mund t\u00eb jet\u00eb nj\u00eb Zvic\u00ebr e madhe. Tani jemi nj\u00eb qend\u00ebr shum\u00eb e fuqishme n\u00eb Europ\u00eb, dhe kjo \u00ebsht\u00eb v\u00ebn\u00eb re n\u00eb Bruksel gjithashtu. Gjermania e ka tani kapacitetin q\u00eb t\u00eb mbroj\u00eb interesat e partner\u00ebve m\u00eb t\u00eb vegj\u00ebl europian\u00eb, dhe kjo \u00ebsht\u00eb ajo q\u00eb pritet prej nesh\u201d.<\/span><\/p>\n<p><span style=\"color: #000000;\">Drejtuesja e CDU-s\u00eb thot\u00eb se duhet rritur niveli i mbrojtjes, por 2%-\u00ebshi i PBB p\u00ebr mbrojtjen nuk \u00ebsht\u00eb nj\u00eb diskutim vet\u00ebm p\u00ebr para, por edhe p\u00ebr cil\u00ebsi. \u201cDuhen diskutuar siguria kibernetike, pajisja me arm\u00eb, personel, si dhe infrastruktura. Nuk ka kuptim t\u00eb shtosh trupat n\u00eb NATO kur nuk i l\u00ebviz dot lirsh\u00ebm n\u00ebp\u00ebr Europ\u00eb n\u00eb rast urgjence, p\u00ebr shkak t\u00eb infrastruktur\u00ebs s\u00eb dob\u00ebt n\u00eb rrug\u00eb dhe ura\u201d, tha ajo, duke k\u00ebmb\u00ebngulur q\u00eb kjo nuk \u00ebsht\u00eb nj\u00eb taktik\u00eb e Gjermanis\u00eb p\u00ebr t\u00eb shmangur dh\u00ebnien e 2% t\u00eb PBB p\u00ebr NATO-n e p\u00ebr mbrojtjen, n\u00eb vend t\u00eb 1.5% si\u00e7 ka n\u00eb plan p\u00ebr k\u00ebt\u00eb vit, por p\u00ebr nj\u00eb m\u00ebnyr\u00eb q\u00eb k\u00ebto financime t\u00eb b\u00ebhen m\u00eb cil\u00ebsore.<\/span><\/p>\n<p><span style=\"color: #000000;\">Kur u pyet se pse vazhdon t\u00eb jet\u00eb kaq e v\u00ebshtir\u00eb p\u00ebrfshirja e Gjermanis\u00eb n\u00eb debate t\u00eb hapura p\u00ebr politik\u00ebn e jashtme dhe sigurin\u00eb, edhe tani q\u00eb historia negative \u00ebsht\u00eb e larg\u00ebt, Karrenbauer tha se koh\u00ebt kan\u00eb ndryshuar, e se Gjermania dhe Europa gjenden n\u00eb nj\u00eb udh\u00ebkryq. \u201cGjermania nuk mund t\u00eb d\u00ebshiroj\u00eb t\u00eb ket\u00eb nj\u00eb rol t\u00eb pavarur n\u00eb aren\u00ebn nd\u00ebrkomb\u00ebtare, kur shum\u00eb prej t\u00eb ardhurave t\u00eb nj\u00eb prej ekonomive m\u00eb t\u00eb fuqishme varen shum\u00eb nga eksportet nd\u00ebrkomb\u00ebtare\u201d, thot\u00eb ajo.<\/span><\/p>\n<p><span style=\"color: #000000;\">Z\u00ebvend\u00ebsuesja e Merkelit kund\u00ebrshton gjithashtu deklaratat se krijimi i nj\u00eb ushtrie t\u00eb fuqishme gjermane do t\u00eb shqet\u00ebsonte fqinj\u00ebt, si dhe pohon q\u00eb synimi i qeveris\u00eb s\u00eb saj nuk do t\u00eb ishte q\u00eb ta fuqizojn\u00eb ushtrin\u00eb n\u00eb m\u00ebnyr\u00eb individuale, si nj\u00eb gar\u00eb midis vendeve, por brenda kuadrit t\u00eb bashk\u00ebpunimit n\u00eb NATO, e cila p\u00ebrb\u00ebhet nga nj\u00eb nd\u00ebrthurje e ushtrive europiane. \u201cSynimi yn\u00eb duhet t\u00eb jet\u00eb zhvillimi i nj\u00eb ushtrie europiane, p\u00ebrve\u00e7 NATO-s, q\u00eb t\u00eb ket\u00eb plan afatgjat\u00eb.<\/span><\/p>\n<p><span style=\"color: #000000;\">Kreu i Konferenc\u00ebs s\u00eb Siguris\u00eb n\u00eb Mynih sugjeroi q\u00eb integrimi evropian duhet t\u00eb p\u00ebrfshij\u00eb edhe zgjerimin e sistemit mbrojt\u00ebs t\u00eb Franc\u00ebs n\u00eb t\u00eb gjith\u00eb BE-n\u00eb, edhe n\u00eb Gjermani. Por Karrenbauer thot\u00eb se kjo \u00ebsht\u00eb nj\u00eb situat\u00eb e re q\u00eb do t\u00eb ket\u00eb p\u00ebrgjigje n\u00eb gjasht\u00eb muajt e ardhsh\u00ebm, pas diskutimeve t\u00eb shumta q\u00eb do t\u00eb zhvillohen. \u201cNa duhet nj\u00eb traktat i ri bot\u00ebror q\u00eb t\u00eb p\u00ebrfshij\u00eb jo vet\u00ebm Rusin\u00eb dhe SHBA-t\u00eb, por edhe fuqi t\u00eb m\u00ebdha si Kina, apo vende t\u00eb tjera me arsenal b\u00ebrthamor. Ve\u00e7 k\u00ebsaj, nuk do t\u00eb lija asnj\u00eb opsion tjet\u00ebr pa diskutuar, por as nuk do t\u00eb angazhohesha n\u00eb opsione t\u00eb tjera specifike\u201d, shton drejtuesja e CDU, duke theksuar q\u00eb Gjermania nuk do t\u00eb krijoj\u00eb kurr\u00eb arsenal b\u00ebrthamor.<\/span><\/p>\n<p><span style=\"color: #000000;\">P\u00ebr sa i p\u00ebrket masave q\u00eb duhet t\u00eb marr\u00eb Gjermania kund\u00ebr p\u00ebrpjekjeve t\u00eb Rusis\u00eb p\u00ebr t\u00eb destabilizuar Europ\u00ebn, Karrenbauer thot\u00eb se Rusia \u00ebsht\u00eb nj\u00eb fqinj me potencial t\u00eb madh dhe popull t\u00eb mrekulluesh\u00ebm, por qeveria e tyre nd\u00ebrmerr veprime ekstreme, pa kompromise, duke u mohuar popujve t\u00eb drejt\u00ebn p\u00ebr t\u2019u vet\u00ebqeverisur, si\u00e7 ka ndodhur me konfliktet e Gjeorgjis\u00eb dhe Ukrain\u00ebs, si dhe aneksimi i Krimes\u00eb. \u201cN\u00ebse Rusia p\u00ebrdor \u2018troll\u00eb\u2019 q\u00eb krijojn\u00eb lajme t\u00eb rreme p\u00ebr t\u00eb p\u00ebrhapur dezinformim n\u00eb Per\u00ebndim, duke ndikuar k\u00ebshtu zgjedhjet, kjo \u00ebsht\u00eb di\u00e7ka q\u00eb s\u2019mund ta anashkalojm\u00eb\u201d, thot\u00eb ajo. P\u00ebr k\u00ebt\u00eb arsye, p\u00ebr sa koh\u00eb q\u00eb Europa e ka p\u00ebrjashtuar nd\u00ebrhyrjen ushtarake, e vetmja mas\u00eb q\u00eb mbetet p\u00ebr t\u2019u marr\u00eb \u00ebsht\u00eb vazhdimi i sanksioneve ekonomike, pasi alternativ\u00eb tjet\u00ebr nuk ofrojn\u00eb as ata q\u00eb i kritikojn\u00eb k\u00ebto sanksione.\u201d<\/span><\/p>\n<p><span style=\"color: #000000;\">Karrenbauer shton se Europa duhet t\u00eb jet\u00eb e bashkuar q\u00eb t\u00eb mos kthehet n\u00eb nj\u00eb gur shahu i fuqive t\u00eb tjera t\u00eb m\u00ebdha.<\/span><\/p>\n<p>&nbsp;<\/p>\n","protected":false,"gt_translate_keys":[{"key":"rendered","format":"html"}]},"excerpt":{"rendered":"<p>N\u00eb prag t\u00eb Konferenc\u00ebs s\u00eb Mynihut p\u00ebr Sigurin\u00eb, drejtuesja e re e CDU-s\u00eb, Anegret Kramp Karrenbauer, komenton politik\u00ebn e jashtme t\u00eb Gjermanis\u00eb n\u00eb nj\u00eb intervist\u00eb t\u00eb dh\u00ebn\u00eb p\u00ebr \u201cBerlin Policy Journal\u201d. Ajo e sheh politik\u00ebn e jashtme t\u00eb ndar\u00eb n\u00eb disa akse: Aksi Evropian, p\u00ebr t\u00eb cil\u00ebn Gjermania ka interes t\u00eb madh q\u00eb ta shoh\u00eb [&hellip;]<\/p>\n","protected":false,"gt_translate_keys":[{"key":"rendered","format":"html"}]},"author":32,"featured_media":277880,"comment_status":"open","ping_status":"open","sticky":false,"template":"","format":"standard","meta":{"footnotes":""},"categories":[6,13],"tags":[],"class_list":["post-277879","post","type-post","status-publish","format-standard","has-post-thumbnail","hentry","category-nderkombetare","category-te-fundit"],"gt_translate_keys":[{"key":"link","format":"url"}],"_links":{"self":[{"href":"https:\/\/www.hashtag.al\/index.php\/wp-json\/wp\/v2\/posts\/277879","targetHints":{"allow":["GET"]}}],"collection":[{"href":"https:\/\/www.hashtag.al\/index.php\/wp-json\/wp\/v2\/posts"}],"about":[{"href":"https:\/\/www.hashtag.al\/index.php\/wp-json\/wp\/v2\/types\/post"}],"author":[{"embeddable":true,"href":"https:\/\/www.hashtag.al\/index.php\/wp-json\/wp\/v2\/users\/32"}],"replies":[{"embeddable":true,"href":"https:\/\/www.hashtag.al\/index.php\/wp-json\/wp\/v2\/comments?post=277879"}],"version-history":[{"count":0,"href":"https:\/\/www.hashtag.al\/index.php\/wp-json\/wp\/v2\/posts\/277879\/revisions"}],"wp:featuredmedia":[{"embeddable":true,"href":"https:\/\/www.hashtag.al\/index.php\/wp-json\/wp\/v2\/media\/277880"}],"wp:attachment":[{"href":"https:\/\/www.hashtag.al\/index.php\/wp-json\/wp\/v2\/media?parent=277879"}],"wp:term":[{"taxonomy":"category","embeddable":true,"href":"https:\/\/www.hashtag.al\/index.php\/wp-json\/wp\/v2\/categories?post=277879"},{"taxonomy":"post_tag","embeddable":true,"href":"https:\/\/www.hashtag.al\/index.php\/wp-json\/wp\/v2\/tags?post=277879"}],"curies":[{"name":"wp","href":"https:\/\/api.w.org\/{rel}","templated":true}]}}