{"id":277822,"date":"2019-02-25T16:23:51","date_gmt":"2019-02-25T15:23:51","guid":{"rendered":"https:\/\/hashtag.al\/?p=277822"},"modified":"2019-02-25T16:26:25","modified_gmt":"2019-02-25T15:26:25","slug":"kuvendi-i-kthen-pergjigje-kerkeses-urgjente-te-kqz-se","status":"publish","type":"post","link":"https:\/\/www.hashtag.al\/index.php\/2019\/02\/25\/kuvendi-i-kthen-pergjigje-kerkeses-urgjente-te-kqz-se\/","title":{"rendered":"Kuvendi i kthen p\u00ebrgjigje k\u00ebrkes\u00ebs urgjente t\u00eb KQZ-s\u00eb","gt_translate_keys":[{"key":"rendered","format":"text"}]},"content":{"rendered":"<p><span style=\"color: #000000;\"><img loading=\"lazy\" decoding=\"async\" class=\"aligncenter size-full wp-image-277823\" src=\"https:\/\/hashtag.al\/wp-content\/uploads\/2019\/02\/ruci.jpg\" alt=\"\" width=\"9960\" height=\"3544\" srcset=\"https:\/\/www.hashtag.al\/wp-content\/uploads\/2019\/02\/ruci.jpg 9960w, https:\/\/www.hashtag.al\/wp-content\/uploads\/2019\/02\/ruci-300x107.jpg 300w, https:\/\/www.hashtag.al\/wp-content\/uploads\/2019\/02\/ruci-768x273.jpg 768w, https:\/\/www.hashtag.al\/wp-content\/uploads\/2019\/02\/ruci-1024x364.jpg 1024w\" sizes=\"auto, (max-width: 9960px) 100vw, 9960px\" \/><\/span><\/p>\n<p><span style=\"color: #000000;\">Pas k\u00ebrkes\u00ebs s\u00eb KQZ-s\u00eb p\u00ebr m\u00eb shum\u00eb shpjegime lidhur me specifikimet p\u00ebr vakancat lidhur me \u00a0vendimin e deputet\u00ebve t\u00eb opozit\u00ebs p\u00ebr djegien e mandateve, vjen p\u00ebrgjigja e Kuvendit.<\/span><\/p>\n<p><span style=\"color: #000000;\">Kuvendi njofton se ka specifikuar n\u00eb shkresa p\u00ebrkat\u00ebse p\u00ebr t\u00eb gjith\u00eb deputet\u00ebt e dor\u00ebhequr krijimin e vakanc\u00ebs. Sot pasdite, Kuvendi korrigjoi t\u00eb gjitha shkresat, duke shpallur 57 vakanca, p\u00ebrfshir\u00eb dhe dor\u00ebheqjen m\u00eb t\u00eb fundit t\u00eb Fatmir Mediut.<\/span><\/p>\n<p><span style=\"color: #000000;\">K\u00ebrkesa e KQZ kishte p\u00ebr q\u00ebllim sakt\u00ebsimin, pasi jan\u00eb v\u00ebrejtur paqart\u00ebsi n\u00eb specifikimet ligjore n\u00eb dokumentin ku k\u00ebrkohet nisja e procedurave p\u00ebr z\u00ebvend\u00ebsimin e deputet\u00ebve t\u00eb dor\u00ebhequr.<\/span><\/p>\n<p><span style=\"color: #000000;\">Sipas KQZ, 56 njoftimet p\u00ebr dor\u00ebheqjen e t\u00eb deputet\u00ebve t\u00eb opozit\u00ebs nuk jan\u00eb korrekte, pasi n\u00eb to nuk p\u00ebrcaktohet krijimi i vakancave, sikund\u00ebr parashikon ligji zgjedhor.<\/span><\/p>\n<p><span style=\"color: #000000;\">Kodi Zgjedhor p\u00ebrcakton formul\u00ebn e z\u00ebvend\u00ebsimit t\u00eb deputet\u00ebve q\u00eb kan\u00eb vendosur t\u00eb nd\u00ebrpresin mandatin. Ligji thekson se mandatet e dor\u00ebzuara nga deputet\u00ebt plot\u00ebsohen me kandidat\u00ebt pasues t\u00eb list\u00ebs shum\u00ebem\u00ebrore.<\/span><\/p>\n<p><span style=\"color: #000000;\">Por sipas KQZ-s\u00eb, deklaratat paraprake p\u00ebr mospranim t\u00eb mandatit t\u00eb deputetit nga kandidat\u00ebt e list\u00ebs s\u00eb partive opozitare, nuk mund t\u00eb merren p\u00ebr baz\u00eb.<\/span><\/p>\n","protected":false,"gt_translate_keys":[{"key":"rendered","format":"html"}]},"excerpt":{"rendered":"<p>Pas k\u00ebrkes\u00ebs s\u00eb KQZ-s\u00eb p\u00ebr m\u00eb shum\u00eb shpjegime lidhur me specifikimet p\u00ebr vakancat lidhur me \u00a0vendimin e deputet\u00ebve t\u00eb opozit\u00ebs p\u00ebr djegien e mandateve, vjen p\u00ebrgjigja e Kuvendit. Kuvendi njofton se ka specifikuar n\u00eb shkresa p\u00ebrkat\u00ebse p\u00ebr t\u00eb gjith\u00eb deputet\u00ebt e dor\u00ebhequr krijimin e vakanc\u00ebs. Sot pasdite, Kuvendi korrigjoi t\u00eb gjitha shkresat, duke shpallur 57 [&hellip;]<\/p>\n","protected":false,"gt_translate_keys":[{"key":"rendered","format":"html"}]},"author":30,"featured_media":277823,"comment_status":"open","ping_status":"open","sticky":false,"template":"","format":"standard","meta":{"footnotes":""},"categories":[65,13],"tags":[],"class_list":["post-277822","post","type-post","status-publish","format-standard","has-post-thumbnail","hentry","category-lajme","category-te-fundit"],"gt_translate_keys":[{"key":"link","format":"url"}],"_links":{"self":[{"href":"https:\/\/www.hashtag.al\/index.php\/wp-json\/wp\/v2\/posts\/277822","targetHints":{"allow":["GET"]}}],"collection":[{"href":"https:\/\/www.hashtag.al\/index.php\/wp-json\/wp\/v2\/posts"}],"about":[{"href":"https:\/\/www.hashtag.al\/index.php\/wp-json\/wp\/v2\/types\/post"}],"author":[{"embeddable":true,"href":"https:\/\/www.hashtag.al\/index.php\/wp-json\/wp\/v2\/users\/30"}],"replies":[{"embeddable":true,"href":"https:\/\/www.hashtag.al\/index.php\/wp-json\/wp\/v2\/comments?post=277822"}],"version-history":[{"count":0,"href":"https:\/\/www.hashtag.al\/index.php\/wp-json\/wp\/v2\/posts\/277822\/revisions"}],"wp:featuredmedia":[{"embeddable":true,"href":"https:\/\/www.hashtag.al\/index.php\/wp-json\/wp\/v2\/media\/277823"}],"wp:attachment":[{"href":"https:\/\/www.hashtag.al\/index.php\/wp-json\/wp\/v2\/media?parent=277822"}],"wp:term":[{"taxonomy":"category","embeddable":true,"href":"https:\/\/www.hashtag.al\/index.php\/wp-json\/wp\/v2\/categories?post=277822"},{"taxonomy":"post_tag","embeddable":true,"href":"https:\/\/www.hashtag.al\/index.php\/wp-json\/wp\/v2\/tags?post=277822"}],"curies":[{"name":"wp","href":"https:\/\/api.w.org\/{rel}","templated":true}]}}